{"id":703,"date":"2019-12-15T14:17:46","date_gmt":"2019-12-15T14:17:46","guid":{"rendered":"https:\/\/iapd.international\/?p=703"},"modified":"2020-01-12T08:35:41","modified_gmt":"2020-01-12T08:35:41","slug":"workshop-about-human-rights-in-romania","status":"publish","type":"post","link":"https:\/\/iapd.international\/fr\/workshop-about-human-rights-in-romania\/","title":{"rendered":"Atelier sur les droits de l&#039;homme en Roumanie"},"content":{"rendered":"<p>L&#039;Alliance internationale pour la paix et le d\u00e9veloppement a organis\u00e9 un atelier sur les droits de l&#039;homme en coop\u00e9ration avec l&#039;association HUMANACT qui s&#039;est tenu en Roumanie le 10 d\u00e9cembre 2019. Lors de cet atelier, les participants se sont divis\u00e9s en petits groupes pour d\u00e9finir et discuter de la d\u00e9finition des droits de l&#039;homme, en marge de la Journ\u00e9e des droits de l&#039;homme<\/p>\n<p>Cet atelier s&#039;est concentr\u00e9 sur l&#039;une des questions importantes et a envoy\u00e9 un message clair sur l&#039;importance de cette question du pr\u00e9sent et du futur. Ces questions \u00e9taient les \u00ab droits environnementaux \u00bb, en particulier la question du changement climatique et les campagnes de sensibilisation \u00e0 l&#039;environnement sont les questions les plus importantes pour la communaut\u00e9 internationale, qui a prouv\u00e9 sa relation \u00e9troite avec les droits de l&#039;homme et que la pr\u00e9servation de la plan\u00e8te est un droit des droits de l&#039;homme, qui \u00e9tait le message que les participants voulaient communiquer par vid\u00e9o, appelant \u00e0 encourager la culture de plantes et d&#039;arbres dans le cadre de la strat\u00e9gie pour sauver la plan\u00e8te et la prot\u00e9ger du changement climatique.<\/p>\n<div id='gallery-1' class='gallery galleryid-703 gallery-columns-2 gallery-size-full'><figure class='gallery-item'>\n\t\t\t<div class='gallery-icon landscape'>\n\t\t\t\t<a href='https:\/\/iapd.international\/fr\/workshop-about-human-rights-in-romania\/5-3\/'><img fetchpriority=\"high\" decoding=\"async\" width=\"680\" height=\"453\" src=\"https:\/\/iapd.international\/wp-content\/uploads\/2020\/01\/5.jpg\" class=\"attachment-full size-full\" alt=\"\" srcset=\"https:\/\/iapd.international\/wp-content\/uploads\/2020\/01\/5.jpg 680w, https:\/\/iapd.international\/wp-content\/uploads\/2020\/01\/5-300x200.jpg 300w\" sizes=\"(max-width: 680px) 100vw, 680px\" \/><\/a>\n\t\t\t<\/div><\/figure><figure class='gallery-item'>\n\t\t\t<div class='gallery-icon landscape'>\n\t\t\t\t<a href='https:\/\/iapd.international\/fr\/workshop-about-human-rights-in-romania\/3-3\/'><img decoding=\"async\" width=\"680\" height=\"453\" src=\"https:\/\/iapd.international\/wp-content\/uploads\/2020\/01\/3.jpg\" class=\"attachment-full size-full\" alt=\"\" srcset=\"https:\/\/iapd.international\/wp-content\/uploads\/2020\/01\/3.jpg 680w, https:\/\/iapd.international\/wp-content\/uploads\/2020\/01\/3-300x200.jpg 300w\" sizes=\"(max-width: 680px) 100vw, 680px\" \/><\/a>\n\t\t\t<\/div><\/figure><figure class='gallery-item'>\n\t\t\t<div class='gallery-icon landscape'>\n\t\t\t\t<a href='https:\/\/iapd.international\/fr\/workshop-about-human-rights-in-romania\/4-3\/'><img decoding=\"async\" width=\"680\" height=\"453\" src=\"https:\/\/iapd.international\/wp-content\/uploads\/2020\/01\/4.jpg\" class=\"attachment-full size-full\" alt=\"\" srcset=\"https:\/\/iapd.international\/wp-content\/uploads\/2020\/01\/4.jpg 680w, https:\/\/iapd.international\/wp-content\/uploads\/2020\/01\/4-300x200.jpg 300w\" sizes=\"(max-width: 680px) 100vw, 680px\" \/><\/a>\n\t\t\t<\/div><\/figure><figure class='gallery-item'>\n\t\t\t<div class='gallery-icon landscape'>\n\t\t\t\t<a href='https:\/\/iapd.international\/fr\/workshop-about-human-rights-in-romania\/2-2\/'><img loading=\"lazy\" decoding=\"async\" width=\"680\" height=\"453\" src=\"https:\/\/iapd.international\/wp-content\/uploads\/2020\/01\/2.jpg\" class=\"attachment-full size-full\" alt=\"\" srcset=\"https:\/\/iapd.international\/wp-content\/uploads\/2020\/01\/2.jpg 680w, https:\/\/iapd.international\/wp-content\/uploads\/2020\/01\/2-300x200.jpg 300w\" sizes=\"(max-width: 680px) 100vw, 680px\" \/><\/a>\n\t\t\t<\/div><\/figure>\n\t\t<\/div>","protected":false},"excerpt":{"rendered":"<p>L&#039;Alliance internationale pour la paix et le d\u00e9veloppement a organis\u00e9 un atelier sur les droits de l&#039;homme en coop\u00e9ration avec l&#039;association HUMANACT qui s&#039;est tenu en Roumanie le 10 d\u00e9cembre 2019. Lors de cet atelier, les participants se sont divis\u00e9s en petits groupes pour d\u00e9finir et discuter de la d\u00e9finition des droits de l&#039;homme, en marge de la Journ\u00e9e des droits de l&#039;homme. Cet atelier s&#039;est concentr\u00e9 sur un [\u2026]<\/p>","protected":false},"author":1,"featured_media":704,"comment_status":"open","ping_status":"open","sticky":false,"template":"","format":"standard","meta":{"ngg_post_thumbnail":0,"footnotes":""},"categories":[23],"tags":[],"class_list":["post-703","post","type-post","status-publish","format-standard","has-post-thumbnail","hentry","category-events-en"],"yoast_head":"<!-- This site is optimized with the Yoast SEO Premium plugin v19.3 (Yoast SEO v20.9) - https:\/\/yoast.com\/wordpress\/plugins\/seo\/ -->\n<title>Workshop about Human Rights in Romania - INTERNATIONAL ALLIANCE FOR PEACE AND DEVELOPMENT<\/title>\n<meta name=\"robots\" content=\"index, follow, max-snippet:-1, max-image-preview:large, max-video-preview:-1\" \/>\n<link rel=\"canonical\" href=\"https:\/\/iapd.international\/fr\/workshop-about-human-rights-in-romania\/\" \/>\n<meta property=\"og:locale\" content=\"fr_FR\" \/>\n<meta property=\"og:type\" content=\"article\" \/>\n<meta property=\"og:title\" content=\"Workshop about Human Rights in Romania\" \/>\n<meta property=\"og:description\" content=\"The International Alliance for Peace and Development organized a workshop about Human Rights in Cooperation with HUMANACT Association which held in Romania on 10 December 2019. in this workshop participants divided into small groups to define and discuss the\u00a0 definition of human rights, on the sidelines of Human Rights Day This workshop focused on \u00a0one [&hellip;]\" \/>\n<meta property=\"og:url\" content=\"https:\/\/iapd.international\/fr\/workshop-about-human-rights-in-romania\/\" \/>\n<meta property=\"og:site_name\" content=\"INTERNATIONAL ALLIANCE FOR PEACE AND DEVELOPMENT\" \/>\n<meta property=\"article:publisher\" content=\"https:\/\/www.facebook.com\/InternationalA.P.D\" \/>\n<meta property=\"article:published_time\" content=\"2019-12-15T14:17:46+00:00\" \/>\n<meta property=\"article:modified_time\" content=\"2020-01-12T08:35:41+00:00\" \/>\n<meta property=\"og:image\" content=\"https:\/\/iapd.international\/wp-content\/uploads\/2020\/01\/5.jpg\" \/>\n\t<meta property=\"og:image:width\" content=\"680\" \/>\n\t<meta property=\"og:image:height\" content=\"453\" \/>\n\t<meta property=\"og:image:type\" content=\"image\/jpeg\" \/>\n<meta name=\"author\" content=\"iapd\" \/>\n<meta name=\"twitter:card\" content=\"summary_large_image\" \/>\n<meta name=\"twitter:label1\" content=\"\u00c9crit par\" \/>\n\t<meta name=\"twitter:data1\" content=\"iapd\" \/>\n\t<meta name=\"twitter:label2\" content=\"Dur\u00e9e de lecture estim\u00e9e\" \/>\n\t<meta name=\"twitter:data2\" content=\"1 minute\" \/>\n<script type=\"application\/ld+json\" class=\"yoast-schema-graph\">{\"@context\":\"https:\/\/schema.org\",\"@graph\":[{\"@type\":\"Article\",\"@id\":\"https:\/\/iapd.international\/workshop-about-human-rights-in-romania\/#article\",\"isPartOf\":{\"@id\":\"https:\/\/iapd.international\/workshop-about-human-rights-in-romania\/\"},\"author\":{\"name\":\"iapd\",\"@id\":\"https:\/\/iapd.international\/#\/schema\/person\/d4253a5b397eb464176c90b7cc0a24f4\"},\"headline\":\"Workshop about Human Rights in Romania\",\"datePublished\":\"2019-12-15T14:17:46+00:00\",\"dateModified\":\"2020-01-12T08:35:41+00:00\",\"mainEntityOfPage\":{\"@id\":\"https:\/\/iapd.international\/workshop-about-human-rights-in-romania\/\"},\"wordCount\":163,\"commentCount\":0,\"publisher\":{\"@id\":\"https:\/\/iapd.international\/#organization\"},\"articleSection\":[\"events\"],\"inLanguage\":\"fr-FR\"},{\"@type\":\"WebPage\",\"@id\":\"https:\/\/iapd.international\/workshop-about-human-rights-in-romania\/\",\"url\":\"https:\/\/iapd.international\/workshop-about-human-rights-in-romania\/\",\"name\":\"Workshop about Human Rights in Romania - INTERNATIONAL ALLIANCE FOR PEACE AND DEVELOPMENT\",\"isPartOf\":{\"@id\":\"https:\/\/iapd.international\/#website\"},\"datePublished\":\"2019-12-15T14:17:46+00:00\",\"dateModified\":\"2020-01-12T08:35:41+00:00\",\"breadcrumb\":{\"@id\":\"https:\/\/iapd.international\/workshop-about-human-rights-in-romania\/#breadcrumb\"},\"inLanguage\":\"fr-FR\",\"potentialAction\":[{\"@type\":\"ReadAction\",\"target\":[\"https:\/\/iapd.international\/workshop-about-human-rights-in-romania\/\"]}]},{\"@type\":\"BreadcrumbList\",\"@id\":\"https:\/\/iapd.international\/workshop-about-human-rights-in-romania\/#breadcrumb\",\"itemListElement\":[{\"@type\":\"ListItem\",\"position\":1,\"name\":\"Home\",\"item\":\"https:\/\/iapd.international\/en\/\"},{\"@type\":\"ListItem\",\"position\":2,\"name\":\"Workshop about Human Rights in Romania\"}]},{\"@type\":\"WebSite\",\"@id\":\"https:\/\/iapd.international\/#website\",\"url\":\"https:\/\/iapd.international\/\",\"name\":\"INTERNATIONAL ALLIANCE FOR PEACE AND DEVELOPMENT\",\"description\":\"IAPD\",\"publisher\":{\"@id\":\"https:\/\/iapd.international\/#organization\"},\"potentialAction\":[{\"@type\":\"SearchAction\",\"target\":{\"@type\":\"EntryPoint\",\"urlTemplate\":\"https:\/\/iapd.international\/?s={search_term_string}\"},\"query-input\":\"required name=search_term_string\"}],\"inLanguage\":\"fr-FR\"},{\"@type\":\"Organization\",\"@id\":\"https:\/\/iapd.international\/#organization\",\"name\":\"INTERNATIONAL ALLIANCE FOR PEACE AND DEVELOPMENT\",\"url\":\"https:\/\/iapd.international\/\",\"logo\":{\"@type\":\"ImageObject\",\"inLanguage\":\"fr-FR\",\"@id\":\"https:\/\/iapd.international\/#\/schema\/logo\/image\/\",\"url\":\"https:\/\/iapd.international\/wp-content\/uploads\/2024\/09\/150p.png\",\"contentUrl\":\"https:\/\/iapd.international\/wp-content\/uploads\/2024\/09\/150p.png\",\"width\":150,\"height\":150,\"caption\":\"INTERNATIONAL ALLIANCE FOR PEACE AND DEVELOPMENT\"},\"image\":{\"@id\":\"https:\/\/iapd.international\/#\/schema\/logo\/image\/\"},\"sameAs\":[\"https:\/\/www.facebook.com\/InternationalA.P.D\"]},{\"@type\":\"Person\",\"@id\":\"https:\/\/iapd.international\/#\/schema\/person\/d4253a5b397eb464176c90b7cc0a24f4\",\"name\":\"iapd\",\"image\":{\"@type\":\"ImageObject\",\"inLanguage\":\"fr-FR\",\"@id\":\"https:\/\/iapd.international\/#\/schema\/person\/image\/\",\"url\":\"https:\/\/secure.gravatar.com\/avatar\/513de6fb9b0c2ee0ada081a3a9c852bef1fd8a9358bcc5bc47c0db923a311880?s=96&d=mm&r=g\",\"contentUrl\":\"https:\/\/secure.gravatar.com\/avatar\/513de6fb9b0c2ee0ada081a3a9c852bef1fd8a9358bcc5bc47c0db923a311880?s=96&d=mm&r=g\",\"caption\":\"iapd\"},\"url\":\"https:\/\/iapd.international\/fr\/author\/iapd\/\"}]}<\/script>\n<!-- \/ Yoast SEO Premium plugin. -->","yoast_head_json":{"title":"Workshop about Human Rights in Romania - INTERNATIONAL ALLIANCE FOR PEACE AND DEVELOPMENT","robots":{"index":"index","follow":"follow","max-snippet":"max-snippet:-1","max-image-preview":"max-image-preview:large","max-video-preview":"max-video-preview:-1"},"canonical":"https:\/\/iapd.international\/fr\/workshop-about-human-rights-in-romania\/","og_locale":"fr_FR","og_type":"article","og_title":"Workshop about Human Rights in Romania","og_description":"The International Alliance for Peace and Development organized a workshop about Human Rights in Cooperation with HUMANACT Association which held in Romania on 10 December 2019. in this workshop participants divided into small groups to define and discuss the\u00a0 definition of human rights, on the sidelines of Human Rights Day This workshop focused on \u00a0one [&hellip;]","og_url":"https:\/\/iapd.international\/fr\/workshop-about-human-rights-in-romania\/","og_site_name":"INTERNATIONAL ALLIANCE FOR PEACE AND DEVELOPMENT","article_publisher":"https:\/\/www.facebook.com\/InternationalA.P.D","article_published_time":"2019-12-15T14:17:46+00:00","article_modified_time":"2020-01-12T08:35:41+00:00","og_image":[{"width":680,"height":453,"url":"https:\/\/iapd.international\/wp-content\/uploads\/2020\/01\/5.jpg","type":"image\/jpeg"}],"author":"iapd","twitter_card":"summary_large_image","twitter_misc":{"\u00c9crit par":"iapd","Dur\u00e9e de lecture estim\u00e9e":"1 minute"},"schema":{"@context":"https:\/\/schema.org","@graph":[{"@type":"Article","@id":"https:\/\/iapd.international\/workshop-about-human-rights-in-romania\/#article","isPartOf":{"@id":"https:\/\/iapd.international\/workshop-about-human-rights-in-romania\/"},"author":{"name":"iapd","@id":"https:\/\/iapd.international\/#\/schema\/person\/d4253a5b397eb464176c90b7cc0a24f4"},"headline":"Workshop about Human Rights in Romania","datePublished":"2019-12-15T14:17:46+00:00","dateModified":"2020-01-12T08:35:41+00:00","mainEntityOfPage":{"@id":"https:\/\/iapd.international\/workshop-about-human-rights-in-romania\/"},"wordCount":163,"commentCount":0,"publisher":{"@id":"https:\/\/iapd.international\/#organization"},"articleSection":["events"],"inLanguage":"fr-FR"},{"@type":"WebPage","@id":"https:\/\/iapd.international\/workshop-about-human-rights-in-romania\/","url":"https:\/\/iapd.international\/workshop-about-human-rights-in-romania\/","name":"Workshop about Human Rights in Romania - INTERNATIONAL ALLIANCE FOR PEACE AND DEVELOPMENT","isPartOf":{"@id":"https:\/\/iapd.international\/#website"},"datePublished":"2019-12-15T14:17:46+00:00","dateModified":"2020-01-12T08:35:41+00:00","breadcrumb":{"@id":"https:\/\/iapd.international\/workshop-about-human-rights-in-romania\/#breadcrumb"},"inLanguage":"fr-FR","potentialAction":[{"@type":"ReadAction","target":["https:\/\/iapd.international\/workshop-about-human-rights-in-romania\/"]}]},{"@type":"BreadcrumbList","@id":"https:\/\/iapd.international\/workshop-about-human-rights-in-romania\/#breadcrumb","itemListElement":[{"@type":"ListItem","position":1,"name":"Home","item":"https:\/\/iapd.international\/en\/"},{"@type":"ListItem","position":2,"name":"Workshop about Human Rights in Romania"}]},{"@type":"WebSite","@id":"https:\/\/iapd.international\/#website","url":"https:\/\/iapd.international\/","name":"INTERNATIONAL ALLIANCE FOR PEACE AND DEVELOPMENT","description":"IAPD","publisher":{"@id":"https:\/\/iapd.international\/#organization"},"potentialAction":[{"@type":"SearchAction","target":{"@type":"EntryPoint","urlTemplate":"https:\/\/iapd.international\/?s={search_term_string}"},"query-input":"required name=search_term_string"}],"inLanguage":"fr-FR"},{"@type":"Organization","@id":"https:\/\/iapd.international\/#organization","name":"INTERNATIONAL ALLIANCE FOR PEACE AND DEVELOPMENT","url":"https:\/\/iapd.international\/","logo":{"@type":"ImageObject","inLanguage":"fr-FR","@id":"https:\/\/iapd.international\/#\/schema\/logo\/image\/","url":"https:\/\/iapd.international\/wp-content\/uploads\/2024\/09\/150p.png","contentUrl":"https:\/\/iapd.international\/wp-content\/uploads\/2024\/09\/150p.png","width":150,"height":150,"caption":"INTERNATIONAL ALLIANCE FOR PEACE AND DEVELOPMENT"},"image":{"@id":"https:\/\/iapd.international\/#\/schema\/logo\/image\/"},"sameAs":["https:\/\/www.facebook.com\/InternationalA.P.D"]},{"@type":"Person","@id":"https:\/\/iapd.international\/#\/schema\/person\/d4253a5b397eb464176c90b7cc0a24f4","name":"iapd","image":{"@type":"ImageObject","inLanguage":"fr-FR","@id":"https:\/\/iapd.international\/#\/schema\/person\/image\/","url":"https:\/\/secure.gravatar.com\/avatar\/513de6fb9b0c2ee0ada081a3a9c852bef1fd8a9358bcc5bc47c0db923a311880?s=96&d=mm&r=g","contentUrl":"https:\/\/secure.gravatar.com\/avatar\/513de6fb9b0c2ee0ada081a3a9c852bef1fd8a9358bcc5bc47c0db923a311880?s=96&d=mm&r=g","caption":"iapd"},"url":"https:\/\/iapd.international\/fr\/author\/iapd\/"}]}},"_links":{"self":[{"href":"https:\/\/iapd.international\/fr\/wp-json\/wp\/v2\/posts\/703","targetHints":{"allow":["GET"]}}],"collection":[{"href":"https:\/\/iapd.international\/fr\/wp-json\/wp\/v2\/posts"}],"about":[{"href":"https:\/\/iapd.international\/fr\/wp-json\/wp\/v2\/types\/post"}],"author":[{"embeddable":true,"href":"https:\/\/iapd.international\/fr\/wp-json\/wp\/v2\/users\/1"}],"replies":[{"embeddable":true,"href":"https:\/\/iapd.international\/fr\/wp-json\/wp\/v2\/comments?post=703"}],"version-history":[{"count":0,"href":"https:\/\/iapd.international\/fr\/wp-json\/wp\/v2\/posts\/703\/revisions"}],"wp:featuredmedia":[{"embeddable":true,"href":"https:\/\/iapd.international\/fr\/wp-json\/wp\/v2\/media\/704"}],"wp:attachment":[{"href":"https:\/\/iapd.international\/fr\/wp-json\/wp\/v2\/media?parent=703"}],"wp:term":[{"taxonomy":"category","embeddable":true,"href":"https:\/\/iapd.international\/fr\/wp-json\/wp\/v2\/categories?post=703"},{"taxonomy":"post_tag","embeddable":true,"href":"https:\/\/iapd.international\/fr\/wp-json\/wp\/v2\/tags?post=703"}],"curies":[{"name":"wp","href":"https:\/\/api.w.org\/{rel}","templated":true}]}}