{"id":693,"date":"2019-12-20T15:10:13","date_gmt":"2019-12-20T15:10:13","guid":{"rendered":"https:\/\/iapd.international\/?p=693"},"modified":"2020-01-12T08:35:17","modified_gmt":"2020-01-12T08:35:17","slug":"on-international-human-solidarity-day-international-alliance-for-peace-and-development-calls-on-development-a-culture-of-solidarity-and-a-spirit-of-sharing-in-order-to-achieve-social-justice-and-comb","status":"publish","type":"post","link":"https:\/\/iapd.international\/fr\/on-international-human-solidarity-day-international-alliance-for-peace-and-development-calls-on-development-a-culture-of-solidarity-and-a-spirit-of-sharing-in-order-to-achieve-social-justice-and-comb\/","title":{"rendered":"\u00c0 l\u2019occasion de la Journ\u00e9e internationale de la solidarit\u00e9 humaine : l\u2019Alliance internationale pour la paix et le d\u00e9veloppement appelle au d\u00e9veloppement d\u2019une culture de solidarit\u00e9 et d\u2019un esprit de partage pour parvenir \u00e0 la justice sociale et lutter contre la pauvret\u00e9"},"content":{"rendered":"<p>Le 20 d\u00e9cembre de chaque ann\u00e9e, le monde c\u00e9l\u00e8bre la Journ\u00e9e internationale de la solidarit\u00e9 humaine. Dans la D\u00e9claration du Mill\u00e9naire, les dirigeants mondiaux ont identifi\u00e9 la solidarit\u00e9 comme l\u2019une des valeurs fondamentales essentielles aux relations internationales au XXIe si\u00e8cle et ont soulign\u00e9 que \u00ab les d\u00e9fis mondiaux doivent \u00eatre g\u00e9r\u00e9s de mani\u00e8re \u00e0 r\u00e9partir \u00e9quitablement les co\u00fbts et les charges, conform\u00e9ment aux principes fondamentaux d\u2019\u00e9quit\u00e9 et de justice sociale. Ceux qui souffrent ou qui b\u00e9n\u00e9ficient le moins m\u00e9ritent l\u2019aide de ceux qui en b\u00e9n\u00e9ficient le plus \u00bb. Dans le contexte de la mondialisation et du d\u00e9fi des in\u00e9galit\u00e9s croissantes, le renforcement de la solidarit\u00e9 et de la coop\u00e9ration internationales est indispensable \u00e0 la r\u00e9alisation de l\u2019Objectif du Mill\u00e9naire pour le D\u00e9veloppement<\/p>\n<p>En ce jour, l&#039;IADP affirme l&#039;importance de promouvoir le d\u00e9veloppement humain et social dans les pays en d\u00e9veloppement et de promouvoir la solidarit\u00e9 pour la r\u00e9alisation des Objectifs de d\u00e9veloppement durable, y compris l&#039;\u00e9radication de la pauvret\u00e9. Cette journ\u00e9e est consid\u00e9r\u00e9e comme un rappel aux gouvernements de respecter leurs engagements envers les accords internationaux.<\/p>\n<p>En ce jour, l&#039;Alliance internationale affirme que nous devons travailler ensemble pour faire du monde un endroit meilleur pour tous. L&#039;IAPD condamne \u00e9galement les violations des droits de l&#039;homme en Syrie, au Y\u00e9men et au Myanmar qui compromettent l&#039;application r\u00e9elle du concept de solidarit\u00e9 humaine, et appelle donc \u00e0 ce que les violations des droits de l&#039;homme dans ces r\u00e9gions cessent.<\/p>\n<p>L\u2019Alliance internationale appelle tous les \u00c9tats, les agences des Nations Unies, les autres organisations internationales et les organisations non gouvernementales \u00e0 int\u00e9grer le droit des peuples et des individus \u00e0 la solidarit\u00e9 internationale dans le cadre de leurs activit\u00e9s.<\/p>","protected":false},"excerpt":{"rendered":"<p>Le 20 d\u00e9cembre de chaque ann\u00e9e, le monde c\u00e9l\u00e8bre la Journ\u00e9e internationale de la solidarit\u00e9 humaine. Dans la D\u00e9claration du Mill\u00e9naire, les dirigeants mondiaux ont identifi\u00e9 la solidarit\u00e9 comme l\u2019une des valeurs fondamentales essentielles aux relations internationales au XXIe si\u00e8cle et ont soulign\u00e9 que \u00ab les d\u00e9fis mondiaux doivent \u00eatre g\u00e9r\u00e9s de mani\u00e8re \u00e0 r\u00e9partir \u00e9quitablement les co\u00fbts et les charges [\u2026]<\/p>","protected":false},"author":1,"featured_media":694,"comment_status":"open","ping_status":"open","sticky":false,"template":"","format":"standard","meta":{"ngg_post_thumbnail":0,"footnotes":""},"categories":[17],"tags":[],"class_list":["post-693","post","type-post","status-publish","format-standard","has-post-thumbnail","hentry","category-publications-en"],"yoast_head":"<!-- This site is optimized with the Yoast SEO Premium plugin v19.3 (Yoast SEO v20.9) - https:\/\/yoast.com\/wordpress\/plugins\/seo\/ -->\n<title>On International Human Solidarity Day: International Alliance for peace and Development calls on development a culture of solidarity and a spirit of sharing in order to achieve social justice and combat poverty - INTERNATIONAL ALLIANCE FOR PEACE AND DEVELOPMENT<\/title>\n<meta name=\"robots\" content=\"index, follow, max-snippet:-1, max-image-preview:large, max-video-preview:-1\" \/>\n<link rel=\"canonical\" href=\"https:\/\/iapd.international\/fr\/on-international-human-solidarity-day-international-alliance-for-peace-and-development-calls-on-development-a-culture-of-solidarity-and-a-spirit-of-sharing-in-order-to-achieve-social-justice-and-comb\/\" \/>\n<meta property=\"og:locale\" content=\"fr_FR\" \/>\n<meta property=\"og:type\" content=\"article\" \/>\n<meta property=\"og:title\" content=\"On International Human Solidarity Day: International Alliance for peace and Development calls on development a culture of solidarity and a spirit of sharing in order to achieve social justice and combat poverty\" \/>\n<meta property=\"og:description\" content=\"On December 20 each year , the world celebrates International Human Solidarity Day \u00a0which In the Millennium Declaration world leaders identified Solidarity as one of the fundamental values essential to international relations in the twenty-first century and emphasized that \u201cGlobal challenges must be managed in a way that distributes the costs and burdens fairly in [&hellip;]\" \/>\n<meta property=\"og:url\" content=\"https:\/\/iapd.international\/fr\/on-international-human-solidarity-day-international-alliance-for-peace-and-development-calls-on-development-a-culture-of-solidarity-and-a-spirit-of-sharing-in-order-to-achieve-social-justice-and-comb\/\" \/>\n<meta property=\"og:site_name\" content=\"INTERNATIONAL ALLIANCE FOR PEACE AND DEVELOPMENT\" \/>\n<meta property=\"article:publisher\" content=\"https:\/\/www.facebook.com\/InternationalA.P.D\" \/>\n<meta property=\"article:published_time\" content=\"2019-12-20T15:10:13+00:00\" \/>\n<meta property=\"article:modified_time\" content=\"2020-01-12T08:35:17+00:00\" \/>\n<meta property=\"og:image\" content=\"https:\/\/iapd.international\/wp-content\/uploads\/2019\/12\/\u0627\u0644\u064a\u0648\u0645-\u0627\u0644\u062f\u0648\u0644\u064a-\u0644\u0644\u062a\u0636\u0627\u0645\u0646.jpg\" \/>\n\t<meta property=\"og:image:width\" content=\"685\" \/>\n\t<meta property=\"og:image:height\" content=\"611\" \/>\n\t<meta property=\"og:image:type\" content=\"image\/jpeg\" \/>\n<meta name=\"author\" content=\"iapd\" \/>\n<meta name=\"twitter:card\" content=\"summary_large_image\" \/>\n<meta name=\"twitter:label1\" content=\"\u00c9crit par\" \/>\n\t<meta name=\"twitter:data1\" content=\"iapd\" \/>\n\t<meta name=\"twitter:label2\" content=\"Dur\u00e9e de lecture estim\u00e9e\" \/>\n\t<meta name=\"twitter:data2\" content=\"1 minute\" \/>\n<script type=\"application\/ld+json\" class=\"yoast-schema-graph\">{\"@context\":\"https:\/\/schema.org\",\"@graph\":[{\"@type\":\"Article\",\"@id\":\"https:\/\/iapd.international\/on-international-human-solidarity-day-international-alliance-for-peace-and-development-calls-on-development-a-culture-of-solidarity-and-a-spirit-of-sharing-in-order-to-achieve-social-justice-and-comb\/#article\",\"isPartOf\":{\"@id\":\"https:\/\/iapd.international\/on-international-human-solidarity-day-international-alliance-for-peace-and-development-calls-on-development-a-culture-of-solidarity-and-a-spirit-of-sharing-in-order-to-achieve-social-justice-and-comb\/\"},\"author\":{\"name\":\"iapd\",\"@id\":\"https:\/\/iapd.international\/#\/schema\/person\/d4253a5b397eb464176c90b7cc0a24f4\"},\"headline\":\"On International Human Solidarity Day: International Alliance for peace and Development calls on development a culture of solidarity and a spirit of sharing in order to achieve social justice and combat poverty\",\"datePublished\":\"2019-12-20T15:10:13+00:00\",\"dateModified\":\"2020-01-12T08:35:17+00:00\",\"mainEntityOfPage\":{\"@id\":\"https:\/\/iapd.international\/on-international-human-solidarity-day-international-alliance-for-peace-and-development-calls-on-development-a-culture-of-solidarity-and-a-spirit-of-sharing-in-order-to-achieve-social-justice-and-comb\/\"},\"wordCount\":274,\"commentCount\":0,\"publisher\":{\"@id\":\"https:\/\/iapd.international\/#organization\"},\"articleSection\":[\"publications\"],\"inLanguage\":\"fr-FR\"},{\"@type\":\"WebPage\",\"@id\":\"https:\/\/iapd.international\/on-international-human-solidarity-day-international-alliance-for-peace-and-development-calls-on-development-a-culture-of-solidarity-and-a-spirit-of-sharing-in-order-to-achieve-social-justice-and-comb\/\",\"url\":\"https:\/\/iapd.international\/on-international-human-solidarity-day-international-alliance-for-peace-and-development-calls-on-development-a-culture-of-solidarity-and-a-spirit-of-sharing-in-order-to-achieve-social-justice-and-comb\/\",\"name\":\"On International Human Solidarity Day: International Alliance for peace and Development calls on development a culture of solidarity and a spirit of sharing in order to achieve social justice and combat poverty - INTERNATIONAL ALLIANCE FOR PEACE AND DEVELOPMENT\",\"isPartOf\":{\"@id\":\"https:\/\/iapd.international\/#website\"},\"datePublished\":\"2019-12-20T15:10:13+00:00\",\"dateModified\":\"2020-01-12T08:35:17+00:00\",\"breadcrumb\":{\"@id\":\"https:\/\/iapd.international\/on-international-human-solidarity-day-international-alliance-for-peace-and-development-calls-on-development-a-culture-of-solidarity-and-a-spirit-of-sharing-in-order-to-achieve-social-justice-and-comb\/#breadcrumb\"},\"inLanguage\":\"fr-FR\",\"potentialAction\":[{\"@type\":\"ReadAction\",\"target\":[\"https:\/\/iapd.international\/on-international-human-solidarity-day-international-alliance-for-peace-and-development-calls-on-development-a-culture-of-solidarity-and-a-spirit-of-sharing-in-order-to-achieve-social-justice-and-comb\/\"]}]},{\"@type\":\"BreadcrumbList\",\"@id\":\"https:\/\/iapd.international\/on-international-human-solidarity-day-international-alliance-for-peace-and-development-calls-on-development-a-culture-of-solidarity-and-a-spirit-of-sharing-in-order-to-achieve-social-justice-and-comb\/#breadcrumb\",\"itemListElement\":[{\"@type\":\"ListItem\",\"position\":1,\"name\":\"Home\",\"item\":\"https:\/\/iapd.international\/en\/\"},{\"@type\":\"ListItem\",\"position\":2,\"name\":\"On International Human Solidarity Day: International Alliance for peace and Development calls on development a culture of solidarity and a spirit of sharing in order to achieve social justice and combat poverty\"}]},{\"@type\":\"WebSite\",\"@id\":\"https:\/\/iapd.international\/#website\",\"url\":\"https:\/\/iapd.international\/\",\"name\":\"INTERNATIONAL ALLIANCE FOR PEACE AND DEVELOPMENT\",\"description\":\"IAPD\",\"publisher\":{\"@id\":\"https:\/\/iapd.international\/#organization\"},\"potentialAction\":[{\"@type\":\"SearchAction\",\"target\":{\"@type\":\"EntryPoint\",\"urlTemplate\":\"https:\/\/iapd.international\/?s={search_term_string}\"},\"query-input\":\"required name=search_term_string\"}],\"inLanguage\":\"fr-FR\"},{\"@type\":\"Organization\",\"@id\":\"https:\/\/iapd.international\/#organization\",\"name\":\"INTERNATIONAL ALLIANCE FOR PEACE AND DEVELOPMENT\",\"url\":\"https:\/\/iapd.international\/\",\"logo\":{\"@type\":\"ImageObject\",\"inLanguage\":\"fr-FR\",\"@id\":\"https:\/\/iapd.international\/#\/schema\/logo\/image\/\",\"url\":\"https:\/\/iapd.international\/wp-content\/uploads\/2024\/09\/150p.png\",\"contentUrl\":\"https:\/\/iapd.international\/wp-content\/uploads\/2024\/09\/150p.png\",\"width\":150,\"height\":150,\"caption\":\"INTERNATIONAL ALLIANCE FOR PEACE AND DEVELOPMENT\"},\"image\":{\"@id\":\"https:\/\/iapd.international\/#\/schema\/logo\/image\/\"},\"sameAs\":[\"https:\/\/www.facebook.com\/InternationalA.P.D\"]},{\"@type\":\"Person\",\"@id\":\"https:\/\/iapd.international\/#\/schema\/person\/d4253a5b397eb464176c90b7cc0a24f4\",\"name\":\"iapd\",\"image\":{\"@type\":\"ImageObject\",\"inLanguage\":\"fr-FR\",\"@id\":\"https:\/\/iapd.international\/#\/schema\/person\/image\/\",\"url\":\"https:\/\/secure.gravatar.com\/avatar\/513de6fb9b0c2ee0ada081a3a9c852bef1fd8a9358bcc5bc47c0db923a311880?s=96&d=mm&r=g\",\"contentUrl\":\"https:\/\/secure.gravatar.com\/avatar\/513de6fb9b0c2ee0ada081a3a9c852bef1fd8a9358bcc5bc47c0db923a311880?s=96&d=mm&r=g\",\"caption\":\"iapd\"},\"url\":\"https:\/\/iapd.international\/fr\/author\/iapd\/\"}]}<\/script>\n<!-- \/ Yoast SEO Premium plugin. -->","yoast_head_json":{"title":"On International Human Solidarity Day: International Alliance for peace and Development calls on development a culture of solidarity and a spirit of sharing in order to achieve social justice and combat poverty - INTERNATIONAL ALLIANCE FOR PEACE AND DEVELOPMENT","robots":{"index":"index","follow":"follow","max-snippet":"max-snippet:-1","max-image-preview":"max-image-preview:large","max-video-preview":"max-video-preview:-1"},"canonical":"https:\/\/iapd.international\/fr\/on-international-human-solidarity-day-international-alliance-for-peace-and-development-calls-on-development-a-culture-of-solidarity-and-a-spirit-of-sharing-in-order-to-achieve-social-justice-and-comb\/","og_locale":"fr_FR","og_type":"article","og_title":"On International Human Solidarity Day: International Alliance for peace and Development calls on development a culture of solidarity and a spirit of sharing in order to achieve social justice and combat poverty","og_description":"On December 20 each year , the world celebrates International Human Solidarity Day \u00a0which In the Millennium Declaration world leaders identified Solidarity as one of the fundamental values essential to international relations in the twenty-first century and emphasized that \u201cGlobal challenges must be managed in a way that distributes the costs and burdens fairly in [&hellip;]","og_url":"https:\/\/iapd.international\/fr\/on-international-human-solidarity-day-international-alliance-for-peace-and-development-calls-on-development-a-culture-of-solidarity-and-a-spirit-of-sharing-in-order-to-achieve-social-justice-and-comb\/","og_site_name":"INTERNATIONAL ALLIANCE FOR PEACE AND DEVELOPMENT","article_publisher":"https:\/\/www.facebook.com\/InternationalA.P.D","article_published_time":"2019-12-20T15:10:13+00:00","article_modified_time":"2020-01-12T08:35:17+00:00","og_image":[{"width":685,"height":611,"url":"https:\/\/iapd.international\/wp-content\/uploads\/2019\/12\/\u0627\u0644\u064a\u0648\u0645-\u0627\u0644\u062f\u0648\u0644\u064a-\u0644\u0644\u062a\u0636\u0627\u0645\u0646.jpg","type":"image\/jpeg"}],"author":"iapd","twitter_card":"summary_large_image","twitter_misc":{"\u00c9crit par":"iapd","Dur\u00e9e de lecture estim\u00e9e":"1 minute"},"schema":{"@context":"https:\/\/schema.org","@graph":[{"@type":"Article","@id":"https:\/\/iapd.international\/on-international-human-solidarity-day-international-alliance-for-peace-and-development-calls-on-development-a-culture-of-solidarity-and-a-spirit-of-sharing-in-order-to-achieve-social-justice-and-comb\/#article","isPartOf":{"@id":"https:\/\/iapd.international\/on-international-human-solidarity-day-international-alliance-for-peace-and-development-calls-on-development-a-culture-of-solidarity-and-a-spirit-of-sharing-in-order-to-achieve-social-justice-and-comb\/"},"author":{"name":"iapd","@id":"https:\/\/iapd.international\/#\/schema\/person\/d4253a5b397eb464176c90b7cc0a24f4"},"headline":"On International Human Solidarity Day: International Alliance for peace and Development calls on development a culture of solidarity and a spirit of sharing in order to achieve social justice and combat poverty","datePublished":"2019-12-20T15:10:13+00:00","dateModified":"2020-01-12T08:35:17+00:00","mainEntityOfPage":{"@id":"https:\/\/iapd.international\/on-international-human-solidarity-day-international-alliance-for-peace-and-development-calls-on-development-a-culture-of-solidarity-and-a-spirit-of-sharing-in-order-to-achieve-social-justice-and-comb\/"},"wordCount":274,"commentCount":0,"publisher":{"@id":"https:\/\/iapd.international\/#organization"},"articleSection":["publications"],"inLanguage":"fr-FR"},{"@type":"WebPage","@id":"https:\/\/iapd.international\/on-international-human-solidarity-day-international-alliance-for-peace-and-development-calls-on-development-a-culture-of-solidarity-and-a-spirit-of-sharing-in-order-to-achieve-social-justice-and-comb\/","url":"https:\/\/iapd.international\/on-international-human-solidarity-day-international-alliance-for-peace-and-development-calls-on-development-a-culture-of-solidarity-and-a-spirit-of-sharing-in-order-to-achieve-social-justice-and-comb\/","name":"On International Human Solidarity Day: International Alliance for peace and Development calls on development a culture of solidarity and a spirit of sharing in order to achieve social justice and combat poverty - INTERNATIONAL ALLIANCE FOR PEACE AND DEVELOPMENT","isPartOf":{"@id":"https:\/\/iapd.international\/#website"},"datePublished":"2019-12-20T15:10:13+00:00","dateModified":"2020-01-12T08:35:17+00:00","breadcrumb":{"@id":"https:\/\/iapd.international\/on-international-human-solidarity-day-international-alliance-for-peace-and-development-calls-on-development-a-culture-of-solidarity-and-a-spirit-of-sharing-in-order-to-achieve-social-justice-and-comb\/#breadcrumb"},"inLanguage":"fr-FR","potentialAction":[{"@type":"ReadAction","target":["https:\/\/iapd.international\/on-international-human-solidarity-day-international-alliance-for-peace-and-development-calls-on-development-a-culture-of-solidarity-and-a-spirit-of-sharing-in-order-to-achieve-social-justice-and-comb\/"]}]},{"@type":"BreadcrumbList","@id":"https:\/\/iapd.international\/on-international-human-solidarity-day-international-alliance-for-peace-and-development-calls-on-development-a-culture-of-solidarity-and-a-spirit-of-sharing-in-order-to-achieve-social-justice-and-comb\/#breadcrumb","itemListElement":[{"@type":"ListItem","position":1,"name":"Home","item":"https:\/\/iapd.international\/en\/"},{"@type":"ListItem","position":2,"name":"On International Human Solidarity Day: International Alliance for peace and Development calls on development a culture of solidarity and a spirit of sharing in order to achieve social justice and combat poverty"}]},{"@type":"WebSite","@id":"https:\/\/iapd.international\/#website","url":"https:\/\/iapd.international\/","name":"INTERNATIONAL ALLIANCE FOR PEACE AND DEVELOPMENT","description":"IAPD","publisher":{"@id":"https:\/\/iapd.international\/#organization"},"potentialAction":[{"@type":"SearchAction","target":{"@type":"EntryPoint","urlTemplate":"https:\/\/iapd.international\/?s={search_term_string}"},"query-input":"required name=search_term_string"}],"inLanguage":"fr-FR"},{"@type":"Organization","@id":"https:\/\/iapd.international\/#organization","name":"INTERNATIONAL ALLIANCE FOR PEACE AND DEVELOPMENT","url":"https:\/\/iapd.international\/","logo":{"@type":"ImageObject","inLanguage":"fr-FR","@id":"https:\/\/iapd.international\/#\/schema\/logo\/image\/","url":"https:\/\/iapd.international\/wp-content\/uploads\/2024\/09\/150p.png","contentUrl":"https:\/\/iapd.international\/wp-content\/uploads\/2024\/09\/150p.png","width":150,"height":150,"caption":"INTERNATIONAL ALLIANCE FOR PEACE AND DEVELOPMENT"},"image":{"@id":"https:\/\/iapd.international\/#\/schema\/logo\/image\/"},"sameAs":["https:\/\/www.facebook.com\/InternationalA.P.D"]},{"@type":"Person","@id":"https:\/\/iapd.international\/#\/schema\/person\/d4253a5b397eb464176c90b7cc0a24f4","name":"iapd","image":{"@type":"ImageObject","inLanguage":"fr-FR","@id":"https:\/\/iapd.international\/#\/schema\/person\/image\/","url":"https:\/\/secure.gravatar.com\/avatar\/513de6fb9b0c2ee0ada081a3a9c852bef1fd8a9358bcc5bc47c0db923a311880?s=96&d=mm&r=g","contentUrl":"https:\/\/secure.gravatar.com\/avatar\/513de6fb9b0c2ee0ada081a3a9c852bef1fd8a9358bcc5bc47c0db923a311880?s=96&d=mm&r=g","caption":"iapd"},"url":"https:\/\/iapd.international\/fr\/author\/iapd\/"}]}},"_links":{"self":[{"href":"https:\/\/iapd.international\/fr\/wp-json\/wp\/v2\/posts\/693","targetHints":{"allow":["GET"]}}],"collection":[{"href":"https:\/\/iapd.international\/fr\/wp-json\/wp\/v2\/posts"}],"about":[{"href":"https:\/\/iapd.international\/fr\/wp-json\/wp\/v2\/types\/post"}],"author":[{"embeddable":true,"href":"https:\/\/iapd.international\/fr\/wp-json\/wp\/v2\/users\/1"}],"replies":[{"embeddable":true,"href":"https:\/\/iapd.international\/fr\/wp-json\/wp\/v2\/comments?post=693"}],"version-history":[{"count":0,"href":"https:\/\/iapd.international\/fr\/wp-json\/wp\/v2\/posts\/693\/revisions"}],"wp:featuredmedia":[{"embeddable":true,"href":"https:\/\/iapd.international\/fr\/wp-json\/wp\/v2\/media\/694"}],"wp:attachment":[{"href":"https:\/\/iapd.international\/fr\/wp-json\/wp\/v2\/media?parent=693"}],"wp:term":[{"taxonomy":"category","embeddable":true,"href":"https:\/\/iapd.international\/fr\/wp-json\/wp\/v2\/categories?post=693"},{"taxonomy":"post_tag","embeddable":true,"href":"https:\/\/iapd.international\/fr\/wp-json\/wp\/v2\/tags?post=693"}],"curies":[{"name":"wp","href":"https:\/\/api.w.org\/{rel}","templated":true}]}}