{"id":675,"date":"2018-09-29T09:06:25","date_gmt":"2018-09-29T09:06:25","guid":{"rendered":"https:\/\/iapd.international\/?p=675"},"modified":"2020-01-12T08:42:25","modified_gmt":"2020-01-12T08:42:25","slug":"side-event-on-climate-change-threats-the-right-to-life","status":"publish","type":"post","link":"https:\/\/iapd.international\/fr\/side-event-on-climate-change-threats-the-right-to-life\/","title":{"rendered":"\u00c9v\u00e9nement parall\u00e8le sur le changement climatique qui menace le droit \u00e0 la vie"},"content":{"rendered":"<p>Sous le slogan \u00ab Il est temps de changer le changement climatique \u00bb, l\u2019Alliance internationale pour la paix et le d\u00e9veloppement organise un \u00e9v\u00e9nement parall\u00e8le intitul\u00e9 \u00ab L\u2019impact du changement climatique sur les droits de l\u2019homme \u00bb au 39<sup>\u00e8me<\/sup> session du Conseil des droits de l&#039;homme \u00e0 Gen\u00e8ve. L&#039;\u00e9v\u00e9nement parall\u00e8le a permis de d\u00e9battre des graves cons\u00e9quences futures des pratiques n\u00e9fastes que l&#039;homme exerce sur l&#039;environnement.<\/p>\n<p>Mme Kitty Panourghia, du Groupe d&#039;entreprenariat et d&#039;\u00e9conomie sociale de Gr\u00e8ce, a anim\u00e9 l&#039;\u00e9v\u00e9nement parall\u00e8le. M. Hisham Essa, vice-pr\u00e9sident de la soci\u00e9t\u00e9 Dcarbon pour le d\u00e9veloppement durable et expert en changement climatique, a \u00e9galement pr\u00e9sent\u00e9 un expos\u00e9 d\u00e9taill\u00e9 sur les impacts de la pollution et du changement climatique sur les droits de l&#039;homme et l&#039;avenir des nouvelles g\u00e9n\u00e9rations.<\/p>\n<p>En outre, M. Ayman Okeil, pr\u00e9sident de la Fondation Maat, a fait une d\u00e9claration lors de l&#039;\u00e9v\u00e9nement parall\u00e8le, soulignant l&#039;importance de l&#039;ing\u00e9rence de l&#039;ONU pour prot\u00e9ger les droits de l&#039;homme et obliger les \u00c9tats \u00e0 remplir leurs obligations conform\u00e9ment aux conventions internationales.<\/p>\n<p>La d\u00e9claration de la Conf\u00e9rence des Nations Unies sur l\u2019environnement de 1972 (d\u00e9claration de Stockholm) \u00e9nonce \u00ab le droit essentiel \u00e0 la libert\u00e9, \u00e0 l\u2019\u00e9galit\u00e9 et \u00e0 des conditions de vie convenables dans un environnement qui permette de vivre dans la dignit\u00e9 et le bien-\u00eatre \u00bb. Il existe donc un large consensus sur le fait que le changement climatique a des effets n\u00e9gatifs sur la jouissance effective des droits de l\u2019homme : le droit \u00e0 la vie, le droit \u00e0 une alimentation ad\u00e9quate, le droit \u00e0 la sant\u00e9, le droit \u00e0 un logement ad\u00e9quat.<\/p>\n<p>Le changement climatique est l\u2019un des sujets les plus importants du XXIe si\u00e8cle, car il affecte des domaines cruciaux tels que les soci\u00e9t\u00e9s et les \u00e9conomies. Or, le changement climatique constitue une menace pour le d\u00e9veloppement durable. En outre, dans certains cas, il constitue une menace pour la survie de l\u2019humanit\u00e9, car il peut aggraver la famine, les troubles politiques et les conflits li\u00e9s aux ressources. Il a \u00e9galement des effets disproportionn\u00e9s sur les femmes, les pauvres, les peuples autochtones, les paysans traditionnels, les communaut\u00e9s c\u00f4ti\u00e8res et les migrants.<\/p>\n<p>L&#039;expert Hisham Essa a parl\u00e9 des effets n\u00e9gatifs du changement climatique que les communaut\u00e9s et les individus d\u00e9favoris\u00e9s supportent de mani\u00e8re inappropri\u00e9e, en raison de la g\u00e9ographie, de la pauvret\u00e9, du sexe, de l&#039;\u00e2ge, du handicap, de l&#039;origine culturelle ou ethnique, etc. En particulier, les individus et les soci\u00e9t\u00e9s locales, voire l&#039;ensemble du pays, qui vivent dans les basses terres c\u00f4ti\u00e8res, sont confront\u00e9s aux risques les plus \u00e9lev\u00e9s du changement climatique.<\/p>\n<p>L&#039;\u00e9v\u00e9nement a r\u00e9v\u00e9l\u00e9 le plus grand d\u00e9fi auquel la communaut\u00e9 internationale est confront\u00e9e dans le domaine de l&#039;environnement et du changement climatique. Par exemple, il s&#039;agit du retrait du \u00ab pr\u00e9sident Donald Trump \u00bb -USA- de la Convention de Paris pour lutter contre le changement climatique. C&#039;est le plus grand d\u00e9fi pour lutter contre ce ph\u00e9nom\u00e8ne car les \u00c9tats-Unis sont le deuxi\u00e8me plus grand producteur de gaz \u00e0 effet de serre.<\/p>\n<p>Les experts estiment que ce retrait augmentera la difficult\u00e9 d\u2019atteindre les objectifs d\u00e9finis par la convention, afin de r\u00e9duire la hausse de la temp\u00e9rature sur la plan\u00e8te, appel\u00e9e \u00ab r\u00e9chauffement climatique \u00bb.<\/p>\n<p>Enfin, l&#039;Alliance internationale a pr\u00e9sent\u00e9 quelques recommandations. La plus importante est la poursuite des pressions pour que la Convention de Paris soit rapidement mise en \u0153uvre et la protection des personnes vuln\u00e9rables au changement climatique par la communaut\u00e9 internationale. Il faut \u00e9galement s&#039;efforcer de faire en sorte que ces personnes puissent jouir de leurs droits essentiels, notamment le droit \u00e0 l&#039;alimentation, \u00e0 l&#039;eau, au logement, \u00e0 la sant\u00e9, \u00e0 un travail convenable et au patrimoine culturel.<\/p>\n<p>.<a href=\"https:\/\/iapd.international\/wp-content\/uploads\/2019\/12\/DSC_6415.jpg\"><img fetchpriority=\"high\" decoding=\"async\" class=\"alignnone size-medium wp-image-676\" src=\"https:\/\/iapd.international\/wp-content\/uploads\/2019\/12\/DSC_6415-300x168.jpg\" alt=\"\" width=\"300\" height=\"168\" srcset=\"https:\/\/iapd.international\/wp-content\/uploads\/2019\/12\/DSC_6415-300x168.jpg 300w, https:\/\/iapd.international\/wp-content\/uploads\/2019\/12\/DSC_6415-768x431.jpg 768w, https:\/\/iapd.international\/wp-content\/uploads\/2019\/12\/DSC_6415-1024x575.jpg 1024w\" sizes=\"(max-width: 300px) 100vw, 300px\" \/><\/a> <a href=\"https:\/\/iapd.international\/wp-content\/uploads\/2019\/12\/DSC_6338.jpg\"><img decoding=\"async\" class=\"alignnone size-medium wp-image-678\" src=\"https:\/\/iapd.international\/wp-content\/uploads\/2019\/12\/DSC_6338-300x168.jpg\" alt=\"\" width=\"300\" height=\"168\" srcset=\"https:\/\/iapd.international\/wp-content\/uploads\/2019\/12\/DSC_6338-300x168.jpg 300w, https:\/\/iapd.international\/wp-content\/uploads\/2019\/12\/DSC_6338-768x431.jpg 768w, https:\/\/iapd.international\/wp-content\/uploads\/2019\/12\/DSC_6338-1024x575.jpg 1024w\" sizes=\"(max-width: 300px) 100vw, 300px\" \/><\/a> <a href=\"https:\/\/iapd.international\/wp-content\/uploads\/2019\/12\/DSC_6364.jpg\"><img decoding=\"async\" class=\"wp-image-679 size-medium alignleft\" src=\"https:\/\/iapd.international\/wp-content\/uploads\/2019\/12\/DSC_6364-300x168.jpg\" alt=\"\" width=\"300\" height=\"168\" srcset=\"https:\/\/iapd.international\/wp-content\/uploads\/2019\/12\/DSC_6364-300x168.jpg 300w, https:\/\/iapd.international\/wp-content\/uploads\/2019\/12\/DSC_6364-768x431.jpg 768w, https:\/\/iapd.international\/wp-content\/uploads\/2019\/12\/DSC_6364-1024x575.jpg 1024w\" sizes=\"(max-width: 300px) 100vw, 300px\" \/><\/a> <a href=\"https:\/\/iapd.international\/wp-content\/uploads\/2019\/12\/DSC_6349.jpg\"><img loading=\"lazy\" decoding=\"async\" class=\"alignnone size-medium wp-image-680\" src=\"https:\/\/iapd.international\/wp-content\/uploads\/2019\/12\/DSC_6349-300x168.jpg\" alt=\"\" width=\"300\" height=\"168\" srcset=\"https:\/\/iapd.international\/wp-content\/uploads\/2019\/12\/DSC_6349-300x168.jpg 300w, https:\/\/iapd.international\/wp-content\/uploads\/2019\/12\/DSC_6349-768x431.jpg 768w, https:\/\/iapd.international\/wp-content\/uploads\/2019\/12\/DSC_6349-1024x575.jpg 1024w\" sizes=\"(max-width: 300px) 100vw, 300px\" \/><\/a><\/p>","protected":false},"excerpt":{"rendered":"<p>Sous le slogan \u00ab Il est temps de changer le changement climatique \u00bb, l\u2019Alliance internationale pour la paix et le d\u00e9veloppement a organis\u00e9 un \u00e9v\u00e9nement parall\u00e8le intitul\u00e9 \u00ab L\u2019impact du changement climatique sur les droits de l\u2019homme \u00bb lors de la 39e session du Conseil des droits de l\u2019homme \u00e0 Gen\u00e8ve. L\u2019\u00e9v\u00e9nement parall\u00e8le a discut\u00e9 des graves effets futurs des pratiques n\u00e9fastes [\u2026]<\/p>","protected":false},"author":1,"featured_media":676,"comment_status":"open","ping_status":"open","sticky":false,"template":"","format":"standard","meta":{"ngg_post_thumbnail":0,"footnotes":""},"categories":[23],"tags":[],"class_list":["post-675","post","type-post","status-publish","format-standard","has-post-thumbnail","hentry","category-events-en"],"yoast_head":"<!-- This site is optimized with the Yoast SEO Premium plugin v19.3 (Yoast SEO v20.9) - https:\/\/yoast.com\/wordpress\/plugins\/seo\/ -->\n<title>Side event on Climate change threats the right to life - INTERNATIONAL ALLIANCE FOR PEACE AND DEVELOPMENT<\/title>\n<meta name=\"robots\" content=\"index, follow, max-snippet:-1, max-image-preview:large, max-video-preview:-1\" \/>\n<link rel=\"canonical\" href=\"https:\/\/iapd.international\/fr\/side-event-on-climate-change-threats-the-right-to-life\/\" \/>\n<meta property=\"og:locale\" content=\"fr_FR\" \/>\n<meta property=\"og:type\" content=\"article\" \/>\n<meta property=\"og:title\" content=\"Side event on Climate change threats the right to life\" \/>\n<meta property=\"og:description\" content=\"Under the slogan &#8221; it is time to change climate change&#8221;\u00a0 the International Alliance for Peace and Development hold a side event entitled &#8221; the impact of climate change on Human rights&#8221; in the 39th session of Human Rights Council in Geneva. The side event discussed the future grave effects of the harmful practices that [&hellip;]\" \/>\n<meta property=\"og:url\" content=\"https:\/\/iapd.international\/fr\/side-event-on-climate-change-threats-the-right-to-life\/\" \/>\n<meta property=\"og:site_name\" content=\"INTERNATIONAL ALLIANCE FOR PEACE AND DEVELOPMENT\" \/>\n<meta property=\"article:publisher\" content=\"https:\/\/www.facebook.com\/InternationalA.P.D\" \/>\n<meta property=\"article:published_time\" content=\"2018-09-29T09:06:25+00:00\" \/>\n<meta property=\"article:modified_time\" content=\"2020-01-12T08:42:25+00:00\" \/>\n<meta property=\"og:image\" content=\"https:\/\/iapd.international\/wp-content\/uploads\/2019\/12\/DSC_6415.jpg\" \/>\n\t<meta property=\"og:image:width\" content=\"6000\" \/>\n\t<meta property=\"og:image:height\" content=\"3368\" \/>\n\t<meta property=\"og:image:type\" content=\"image\/jpeg\" \/>\n<meta name=\"author\" content=\"iapd\" \/>\n<meta name=\"twitter:card\" content=\"summary_large_image\" \/>\n<meta name=\"twitter:label1\" content=\"\u00c9crit par\" \/>\n\t<meta name=\"twitter:data1\" content=\"iapd\" \/>\n\t<meta name=\"twitter:label2\" content=\"Dur\u00e9e de lecture estim\u00e9e\" \/>\n\t<meta name=\"twitter:data2\" content=\"3 minutes\" \/>\n<script type=\"application\/ld+json\" class=\"yoast-schema-graph\">{\"@context\":\"https:\/\/schema.org\",\"@graph\":[{\"@type\":\"Article\",\"@id\":\"https:\/\/iapd.international\/side-event-on-climate-change-threats-the-right-to-life\/#article\",\"isPartOf\":{\"@id\":\"https:\/\/iapd.international\/side-event-on-climate-change-threats-the-right-to-life\/\"},\"author\":{\"name\":\"iapd\",\"@id\":\"https:\/\/iapd.international\/#\/schema\/person\/d4253a5b397eb464176c90b7cc0a24f4\"},\"headline\":\"Side event on Climate change threats the right to life\",\"datePublished\":\"2018-09-29T09:06:25+00:00\",\"dateModified\":\"2020-01-12T08:42:25+00:00\",\"mainEntityOfPage\":{\"@id\":\"https:\/\/iapd.international\/side-event-on-climate-change-threats-the-right-to-life\/\"},\"wordCount\":517,\"commentCount\":0,\"publisher\":{\"@id\":\"https:\/\/iapd.international\/#organization\"},\"articleSection\":[\"events\"],\"inLanguage\":\"fr-FR\"},{\"@type\":\"WebPage\",\"@id\":\"https:\/\/iapd.international\/side-event-on-climate-change-threats-the-right-to-life\/\",\"url\":\"https:\/\/iapd.international\/side-event-on-climate-change-threats-the-right-to-life\/\",\"name\":\"Side event on Climate change threats the right to life - INTERNATIONAL ALLIANCE FOR PEACE AND DEVELOPMENT\",\"isPartOf\":{\"@id\":\"https:\/\/iapd.international\/#website\"},\"datePublished\":\"2018-09-29T09:06:25+00:00\",\"dateModified\":\"2020-01-12T08:42:25+00:00\",\"breadcrumb\":{\"@id\":\"https:\/\/iapd.international\/side-event-on-climate-change-threats-the-right-to-life\/#breadcrumb\"},\"inLanguage\":\"fr-FR\",\"potentialAction\":[{\"@type\":\"ReadAction\",\"target\":[\"https:\/\/iapd.international\/side-event-on-climate-change-threats-the-right-to-life\/\"]}]},{\"@type\":\"BreadcrumbList\",\"@id\":\"https:\/\/iapd.international\/side-event-on-climate-change-threats-the-right-to-life\/#breadcrumb\",\"itemListElement\":[{\"@type\":\"ListItem\",\"position\":1,\"name\":\"Home\",\"item\":\"https:\/\/iapd.international\/en\/\"},{\"@type\":\"ListItem\",\"position\":2,\"name\":\"Side event on Climate change threats the right to life\"}]},{\"@type\":\"WebSite\",\"@id\":\"https:\/\/iapd.international\/#website\",\"url\":\"https:\/\/iapd.international\/\",\"name\":\"INTERNATIONAL ALLIANCE FOR PEACE AND DEVELOPMENT\",\"description\":\"IAPD\",\"publisher\":{\"@id\":\"https:\/\/iapd.international\/#organization\"},\"potentialAction\":[{\"@type\":\"SearchAction\",\"target\":{\"@type\":\"EntryPoint\",\"urlTemplate\":\"https:\/\/iapd.international\/?s={search_term_string}\"},\"query-input\":\"required name=search_term_string\"}],\"inLanguage\":\"fr-FR\"},{\"@type\":\"Organization\",\"@id\":\"https:\/\/iapd.international\/#organization\",\"name\":\"INTERNATIONAL ALLIANCE FOR PEACE AND DEVELOPMENT\",\"url\":\"https:\/\/iapd.international\/\",\"logo\":{\"@type\":\"ImageObject\",\"inLanguage\":\"fr-FR\",\"@id\":\"https:\/\/iapd.international\/#\/schema\/logo\/image\/\",\"url\":\"https:\/\/iapd.international\/wp-content\/uploads\/2024\/09\/150p.png\",\"contentUrl\":\"https:\/\/iapd.international\/wp-content\/uploads\/2024\/09\/150p.png\",\"width\":150,\"height\":150,\"caption\":\"INTERNATIONAL ALLIANCE FOR PEACE AND DEVELOPMENT\"},\"image\":{\"@id\":\"https:\/\/iapd.international\/#\/schema\/logo\/image\/\"},\"sameAs\":[\"https:\/\/www.facebook.com\/InternationalA.P.D\"]},{\"@type\":\"Person\",\"@id\":\"https:\/\/iapd.international\/#\/schema\/person\/d4253a5b397eb464176c90b7cc0a24f4\",\"name\":\"iapd\",\"image\":{\"@type\":\"ImageObject\",\"inLanguage\":\"fr-FR\",\"@id\":\"https:\/\/iapd.international\/#\/schema\/person\/image\/\",\"url\":\"https:\/\/secure.gravatar.com\/avatar\/513de6fb9b0c2ee0ada081a3a9c852bef1fd8a9358bcc5bc47c0db923a311880?s=96&d=mm&r=g\",\"contentUrl\":\"https:\/\/secure.gravatar.com\/avatar\/513de6fb9b0c2ee0ada081a3a9c852bef1fd8a9358bcc5bc47c0db923a311880?s=96&d=mm&r=g\",\"caption\":\"iapd\"},\"url\":\"https:\/\/iapd.international\/fr\/author\/iapd\/\"}]}<\/script>\n<!-- \/ Yoast SEO Premium plugin. -->","yoast_head_json":{"title":"Side event on Climate change threats the right to life - INTERNATIONAL ALLIANCE FOR PEACE AND DEVELOPMENT","robots":{"index":"index","follow":"follow","max-snippet":"max-snippet:-1","max-image-preview":"max-image-preview:large","max-video-preview":"max-video-preview:-1"},"canonical":"https:\/\/iapd.international\/fr\/side-event-on-climate-change-threats-the-right-to-life\/","og_locale":"fr_FR","og_type":"article","og_title":"Side event on Climate change threats the right to life","og_description":"Under the slogan &#8221; it is time to change climate change&#8221;\u00a0 the International Alliance for Peace and Development hold a side event entitled &#8221; the impact of climate change on Human rights&#8221; in the 39th session of Human Rights Council in Geneva. The side event discussed the future grave effects of the harmful practices that [&hellip;]","og_url":"https:\/\/iapd.international\/fr\/side-event-on-climate-change-threats-the-right-to-life\/","og_site_name":"INTERNATIONAL ALLIANCE FOR PEACE AND DEVELOPMENT","article_publisher":"https:\/\/www.facebook.com\/InternationalA.P.D","article_published_time":"2018-09-29T09:06:25+00:00","article_modified_time":"2020-01-12T08:42:25+00:00","og_image":[{"width":6000,"height":3368,"url":"https:\/\/iapd.international\/wp-content\/uploads\/2019\/12\/DSC_6415.jpg","type":"image\/jpeg"}],"author":"iapd","twitter_card":"summary_large_image","twitter_misc":{"\u00c9crit par":"iapd","Dur\u00e9e de lecture estim\u00e9e":"3 minutes"},"schema":{"@context":"https:\/\/schema.org","@graph":[{"@type":"Article","@id":"https:\/\/iapd.international\/side-event-on-climate-change-threats-the-right-to-life\/#article","isPartOf":{"@id":"https:\/\/iapd.international\/side-event-on-climate-change-threats-the-right-to-life\/"},"author":{"name":"iapd","@id":"https:\/\/iapd.international\/#\/schema\/person\/d4253a5b397eb464176c90b7cc0a24f4"},"headline":"Side event on Climate change threats the right to life","datePublished":"2018-09-29T09:06:25+00:00","dateModified":"2020-01-12T08:42:25+00:00","mainEntityOfPage":{"@id":"https:\/\/iapd.international\/side-event-on-climate-change-threats-the-right-to-life\/"},"wordCount":517,"commentCount":0,"publisher":{"@id":"https:\/\/iapd.international\/#organization"},"articleSection":["events"],"inLanguage":"fr-FR"},{"@type":"WebPage","@id":"https:\/\/iapd.international\/side-event-on-climate-change-threats-the-right-to-life\/","url":"https:\/\/iapd.international\/side-event-on-climate-change-threats-the-right-to-life\/","name":"Side event on Climate change threats the right to life - INTERNATIONAL ALLIANCE FOR PEACE AND DEVELOPMENT","isPartOf":{"@id":"https:\/\/iapd.international\/#website"},"datePublished":"2018-09-29T09:06:25+00:00","dateModified":"2020-01-12T08:42:25+00:00","breadcrumb":{"@id":"https:\/\/iapd.international\/side-event-on-climate-change-threats-the-right-to-life\/#breadcrumb"},"inLanguage":"fr-FR","potentialAction":[{"@type":"ReadAction","target":["https:\/\/iapd.international\/side-event-on-climate-change-threats-the-right-to-life\/"]}]},{"@type":"BreadcrumbList","@id":"https:\/\/iapd.international\/side-event-on-climate-change-threats-the-right-to-life\/#breadcrumb","itemListElement":[{"@type":"ListItem","position":1,"name":"Home","item":"https:\/\/iapd.international\/en\/"},{"@type":"ListItem","position":2,"name":"Side event on Climate change threats the right to life"}]},{"@type":"WebSite","@id":"https:\/\/iapd.international\/#website","url":"https:\/\/iapd.international\/","name":"INTERNATIONAL ALLIANCE FOR PEACE AND DEVELOPMENT","description":"IAPD","publisher":{"@id":"https:\/\/iapd.international\/#organization"},"potentialAction":[{"@type":"SearchAction","target":{"@type":"EntryPoint","urlTemplate":"https:\/\/iapd.international\/?s={search_term_string}"},"query-input":"required name=search_term_string"}],"inLanguage":"fr-FR"},{"@type":"Organization","@id":"https:\/\/iapd.international\/#organization","name":"INTERNATIONAL ALLIANCE FOR PEACE AND DEVELOPMENT","url":"https:\/\/iapd.international\/","logo":{"@type":"ImageObject","inLanguage":"fr-FR","@id":"https:\/\/iapd.international\/#\/schema\/logo\/image\/","url":"https:\/\/iapd.international\/wp-content\/uploads\/2024\/09\/150p.png","contentUrl":"https:\/\/iapd.international\/wp-content\/uploads\/2024\/09\/150p.png","width":150,"height":150,"caption":"INTERNATIONAL ALLIANCE FOR PEACE AND DEVELOPMENT"},"image":{"@id":"https:\/\/iapd.international\/#\/schema\/logo\/image\/"},"sameAs":["https:\/\/www.facebook.com\/InternationalA.P.D"]},{"@type":"Person","@id":"https:\/\/iapd.international\/#\/schema\/person\/d4253a5b397eb464176c90b7cc0a24f4","name":"iapd","image":{"@type":"ImageObject","inLanguage":"fr-FR","@id":"https:\/\/iapd.international\/#\/schema\/person\/image\/","url":"https:\/\/secure.gravatar.com\/avatar\/513de6fb9b0c2ee0ada081a3a9c852bef1fd8a9358bcc5bc47c0db923a311880?s=96&d=mm&r=g","contentUrl":"https:\/\/secure.gravatar.com\/avatar\/513de6fb9b0c2ee0ada081a3a9c852bef1fd8a9358bcc5bc47c0db923a311880?s=96&d=mm&r=g","caption":"iapd"},"url":"https:\/\/iapd.international\/fr\/author\/iapd\/"}]}},"_links":{"self":[{"href":"https:\/\/iapd.international\/fr\/wp-json\/wp\/v2\/posts\/675","targetHints":{"allow":["GET"]}}],"collection":[{"href":"https:\/\/iapd.international\/fr\/wp-json\/wp\/v2\/posts"}],"about":[{"href":"https:\/\/iapd.international\/fr\/wp-json\/wp\/v2\/types\/post"}],"author":[{"embeddable":true,"href":"https:\/\/iapd.international\/fr\/wp-json\/wp\/v2\/users\/1"}],"replies":[{"embeddable":true,"href":"https:\/\/iapd.international\/fr\/wp-json\/wp\/v2\/comments?post=675"}],"version-history":[{"count":0,"href":"https:\/\/iapd.international\/fr\/wp-json\/wp\/v2\/posts\/675\/revisions"}],"wp:featuredmedia":[{"embeddable":true,"href":"https:\/\/iapd.international\/fr\/wp-json\/wp\/v2\/media\/676"}],"wp:attachment":[{"href":"https:\/\/iapd.international\/fr\/wp-json\/wp\/v2\/media?parent=675"}],"wp:term":[{"taxonomy":"category","embeddable":true,"href":"https:\/\/iapd.international\/fr\/wp-json\/wp\/v2\/categories?post=675"},{"taxonomy":"post_tag","embeddable":true,"href":"https:\/\/iapd.international\/fr\/wp-json\/wp\/v2\/tags?post=675"}],"curies":[{"name":"wp","href":"https:\/\/api.w.org\/{rel}","templated":true}]}}