{"id":584,"date":"2019-08-30T08:58:41","date_gmt":"2019-08-30T08:58:41","guid":{"rendered":"https:\/\/iapd.international\/?p=584"},"modified":"2020-01-12T08:38:50","modified_gmt":"2020-01-12T08:38:50","slug":"the-international-alliance-for-peace-and-development-condemns-enforced-disappearance-as-a-crime-against-humanity","status":"publish","type":"post","link":"https:\/\/iapd.international\/fr\/the-international-alliance-for-peace-and-development-condemns-enforced-disappearance-as-a-crime-against-humanity\/","title":{"rendered":"L&#039;Alliance internationale pour la paix et le d\u00e9veloppement condamne la disparition forc\u00e9e comme un crime contre l&#039;humanit\u00e9"},"content":{"rendered":"<p>A l\u2019occasion de la Journ\u00e9e internationale des victimes de disparitions forc\u00e9es, l\u2019Alliance internationale pour la paix et le d\u00e9veloppement a exprim\u00e9 sa profonde pr\u00e9occupation face \u00e0 l\u2019augmentation des disparitions forc\u00e9es ou involontaires dans diverses r\u00e9gions du monde, notamment les arrestations, les d\u00e9tentions et les enl\u00e8vements. Les disparitions forc\u00e9es sont devenues un probl\u00e8me mondial et ne se limitent pas \u00e0 une r\u00e9gion sp\u00e9cifique du monde. Autrefois largement le produit de dictatures militaires, les disparitions forc\u00e9es peuvent aujourd\u2019hui \u00eatre perp\u00e9tr\u00e9es dans des situations complexes de conflit interne, notamment comme moyen de r\u00e9pression politique des opposants.<\/p>\n<p>L\u2019Alliance internationale condamne les disparitions forc\u00e9es, car les personnes disparues sont expos\u00e9es \u00e0 un risque \u00e9lev\u00e9 de torture, car elles sont totalement en dehors de la protection de la loi, sans acc\u00e8s \u00e0 une d\u00e9fense juridique, et sont expos\u00e9es \u00e0 d\u2019autres risques de violations des droits de l\u2019homme, comme la violence sexuelle ou m\u00eame le meurtre. L\u2019Alliance internationale consid\u00e8re donc que les disparitions forc\u00e9es portent atteinte aux valeurs les plus profondes de toute soci\u00e9t\u00e9 attach\u00e9e au respect de l\u2019\u00c9tat de droit, des droits de l\u2019homme et des libert\u00e9s fondamentales, et que la pratique syst\u00e9matique de tels actes constitue un crime contre l\u2019humanit\u00e9.<\/p>\n<p>En droit international, la disparition forc\u00e9e est la d\u00e9tention, l\u2019enl\u00e8vement ou tout acte qui prive une personne de sa libert\u00e9, commis par une autorit\u00e9 ou par des personnes agissant avec son appui ou son autorisation, sans que l\u2019enl\u00e8vement soit reconnu. S\u2019ensuit le refus de reconna\u00eetre la privation de libert\u00e9 ou de dissimuler le sort de la personne disparue ou le lieu o\u00f9 elle se trouve, la privant ainsi de la protection de la loi.<\/p>\n<p>En marge de la 42e session du Conseil des droits de l\u2019homme des Nations Unies, le 11 septembre 2019, le Groupe de travail sur les disparitions forc\u00e9es pr\u00e9sentera des cas \u00e0 la communaut\u00e9 internationale pour qu\u2019elle les traite dans le cadre d\u2019un dialogue public interactif.<\/p>\n<p>L\u2019Alliance internationale exhorte tous les \u00c9tats \u00e0 signer, ratifier ou adh\u00e9rer \u00e0 la Convention internationale pour la protection de toutes les personnes contre les disparitions forc\u00e9es. L\u2019Alliance internationale appelle \u00e9galement les \u00c9tats du monde entier \u00e0 rechercher d\u2019urgence les personnes qui ont \u00e9t\u00e9 victimes de disparition forc\u00e9e, \u00e0 poursuivre et \u00e0 punir les personnes impliqu\u00e9es et \u00e0 offrir des recours aux victimes. L\u2019Alliance recommande \u00e9galement \u00e0 tous les \u00c9tats de prendre les mesures n\u00e9cessaires pour garantir que la disparition forc\u00e9e constitue une infraction p\u00e9nale dans leur droit interne.<\/p>","protected":false},"excerpt":{"rendered":"<p>In conjunction with international day of the Victims of Enforced Disappearances, International Alliance for Peace and Development expressed its deep concern about the increase in enforced or involuntary disappearances in various regions of the world, including arrest, detention and abduction.\u00a0 Enforced disappearance has become a global problem and is not restricted to a specific region [&hellip;]<\/p>","protected":false},"author":1,"featured_media":585,"comment_status":"open","ping_status":"open","sticky":false,"template":"","format":"standard","meta":{"ngg_post_thumbnail":0,"footnotes":""},"categories":[17],"tags":[],"class_list":["post-584","post","type-post","status-publish","format-standard","has-post-thumbnail","hentry","category-publications-en"],"yoast_head":"<!-- This site is optimized with the Yoast SEO Premium plugin v19.3 (Yoast SEO v20.9) - https:\/\/yoast.com\/wordpress\/plugins\/seo\/ -->\n<title>The international Alliance for Peace and Development condemns enforced disappearance as a crime against humanity - INTERNATIONAL ALLIANCE FOR PEACE AND DEVELOPMENT<\/title>\n<meta name=\"robots\" content=\"index, follow, max-snippet:-1, max-image-preview:large, max-video-preview:-1\" \/>\n<link rel=\"canonical\" href=\"https:\/\/iapd.international\/fr\/the-international-alliance-for-peace-and-development-condemns-enforced-disappearance-as-a-crime-against-humanity\/\" \/>\n<meta property=\"og:locale\" content=\"fr_FR\" \/>\n<meta property=\"og:type\" content=\"article\" \/>\n<meta property=\"og:title\" content=\"The international Alliance for Peace and Development condemns enforced disappearance as a crime against humanity\" \/>\n<meta property=\"og:description\" content=\"In conjunction with international day of the Victims of Enforced Disappearances, International Alliance for Peace and Development expressed its deep concern about the increase in enforced or involuntary disappearances in various regions of the world, including arrest, detention and abduction.\u00a0 Enforced disappearance has become a global problem and is not restricted to a specific region [&hellip;]\" \/>\n<meta property=\"og:url\" content=\"https:\/\/iapd.international\/fr\/the-international-alliance-for-peace-and-development-condemns-enforced-disappearance-as-a-crime-against-humanity\/\" \/>\n<meta property=\"og:site_name\" content=\"INTERNATIONAL ALLIANCE FOR PEACE AND DEVELOPMENT\" \/>\n<meta property=\"article:publisher\" content=\"https:\/\/www.facebook.com\/InternationalA.P.D\" \/>\n<meta property=\"article:published_time\" content=\"2019-08-30T08:58:41+00:00\" \/>\n<meta property=\"article:modified_time\" content=\"2020-01-12T08:38:50+00:00\" \/>\n<meta property=\"og:image\" content=\"https:\/\/iapd.international\/wp-content\/uploads\/2019\/08\/enforced-disapperances-310x165.jpg\" \/>\n\t<meta property=\"og:image:width\" content=\"310\" \/>\n\t<meta property=\"og:image:height\" content=\"165\" \/>\n\t<meta property=\"og:image:type\" content=\"image\/jpeg\" \/>\n<meta name=\"author\" content=\"iapd\" \/>\n<meta name=\"twitter:card\" content=\"summary_large_image\" \/>\n<meta name=\"twitter:label1\" content=\"\u00c9crit par\" \/>\n\t<meta name=\"twitter:data1\" content=\"iapd\" \/>\n\t<meta name=\"twitter:label2\" content=\"Dur\u00e9e de lecture estim\u00e9e\" \/>\n\t<meta name=\"twitter:data2\" content=\"2 minutes\" \/>\n<script type=\"application\/ld+json\" class=\"yoast-schema-graph\">{\"@context\":\"https:\/\/schema.org\",\"@graph\":[{\"@type\":\"Article\",\"@id\":\"https:\/\/iapd.international\/the-international-alliance-for-peace-and-development-condemns-enforced-disappearance-as-a-crime-against-humanity\/#article\",\"isPartOf\":{\"@id\":\"https:\/\/iapd.international\/the-international-alliance-for-peace-and-development-condemns-enforced-disappearance-as-a-crime-against-humanity\/\"},\"author\":{\"name\":\"iapd\",\"@id\":\"https:\/\/iapd.international\/#\/schema\/person\/d4253a5b397eb464176c90b7cc0a24f4\"},\"headline\":\"The international Alliance for Peace and Development condemns enforced disappearance as a crime against humanity\",\"datePublished\":\"2019-08-30T08:58:41+00:00\",\"dateModified\":\"2020-01-12T08:38:50+00:00\",\"mainEntityOfPage\":{\"@id\":\"https:\/\/iapd.international\/the-international-alliance-for-peace-and-development-condemns-enforced-disappearance-as-a-crime-against-humanity\/\"},\"wordCount\":384,\"commentCount\":0,\"publisher\":{\"@id\":\"https:\/\/iapd.international\/#organization\"},\"articleSection\":[\"publications\"],\"inLanguage\":\"fr-FR\"},{\"@type\":\"WebPage\",\"@id\":\"https:\/\/iapd.international\/the-international-alliance-for-peace-and-development-condemns-enforced-disappearance-as-a-crime-against-humanity\/\",\"url\":\"https:\/\/iapd.international\/the-international-alliance-for-peace-and-development-condemns-enforced-disappearance-as-a-crime-against-humanity\/\",\"name\":\"The international Alliance for Peace and Development condemns enforced disappearance as a crime against humanity - INTERNATIONAL ALLIANCE FOR PEACE AND DEVELOPMENT\",\"isPartOf\":{\"@id\":\"https:\/\/iapd.international\/#website\"},\"datePublished\":\"2019-08-30T08:58:41+00:00\",\"dateModified\":\"2020-01-12T08:38:50+00:00\",\"breadcrumb\":{\"@id\":\"https:\/\/iapd.international\/the-international-alliance-for-peace-and-development-condemns-enforced-disappearance-as-a-crime-against-humanity\/#breadcrumb\"},\"inLanguage\":\"fr-FR\",\"potentialAction\":[{\"@type\":\"ReadAction\",\"target\":[\"https:\/\/iapd.international\/the-international-alliance-for-peace-and-development-condemns-enforced-disappearance-as-a-crime-against-humanity\/\"]}]},{\"@type\":\"BreadcrumbList\",\"@id\":\"https:\/\/iapd.international\/the-international-alliance-for-peace-and-development-condemns-enforced-disappearance-as-a-crime-against-humanity\/#breadcrumb\",\"itemListElement\":[{\"@type\":\"ListItem\",\"position\":1,\"name\":\"Home\",\"item\":\"https:\/\/iapd.international\/en\/\"},{\"@type\":\"ListItem\",\"position\":2,\"name\":\"The international Alliance for Peace and Development condemns enforced disappearance as a crime against humanity\"}]},{\"@type\":\"WebSite\",\"@id\":\"https:\/\/iapd.international\/#website\",\"url\":\"https:\/\/iapd.international\/\",\"name\":\"INTERNATIONAL ALLIANCE FOR PEACE AND DEVELOPMENT\",\"description\":\"IAPD\",\"publisher\":{\"@id\":\"https:\/\/iapd.international\/#organization\"},\"potentialAction\":[{\"@type\":\"SearchAction\",\"target\":{\"@type\":\"EntryPoint\",\"urlTemplate\":\"https:\/\/iapd.international\/?s={search_term_string}\"},\"query-input\":\"required name=search_term_string\"}],\"inLanguage\":\"fr-FR\"},{\"@type\":\"Organization\",\"@id\":\"https:\/\/iapd.international\/#organization\",\"name\":\"INTERNATIONAL ALLIANCE FOR PEACE AND DEVELOPMENT\",\"url\":\"https:\/\/iapd.international\/\",\"logo\":{\"@type\":\"ImageObject\",\"inLanguage\":\"fr-FR\",\"@id\":\"https:\/\/iapd.international\/#\/schema\/logo\/image\/\",\"url\":\"https:\/\/iapd.international\/wp-content\/uploads\/2024\/09\/150p.png\",\"contentUrl\":\"https:\/\/iapd.international\/wp-content\/uploads\/2024\/09\/150p.png\",\"width\":150,\"height\":150,\"caption\":\"INTERNATIONAL ALLIANCE FOR PEACE AND DEVELOPMENT\"},\"image\":{\"@id\":\"https:\/\/iapd.international\/#\/schema\/logo\/image\/\"},\"sameAs\":[\"https:\/\/www.facebook.com\/InternationalA.P.D\"]},{\"@type\":\"Person\",\"@id\":\"https:\/\/iapd.international\/#\/schema\/person\/d4253a5b397eb464176c90b7cc0a24f4\",\"name\":\"iapd\",\"image\":{\"@type\":\"ImageObject\",\"inLanguage\":\"fr-FR\",\"@id\":\"https:\/\/iapd.international\/#\/schema\/person\/image\/\",\"url\":\"https:\/\/secure.gravatar.com\/avatar\/513de6fb9b0c2ee0ada081a3a9c852bef1fd8a9358bcc5bc47c0db923a311880?s=96&d=mm&r=g\",\"contentUrl\":\"https:\/\/secure.gravatar.com\/avatar\/513de6fb9b0c2ee0ada081a3a9c852bef1fd8a9358bcc5bc47c0db923a311880?s=96&d=mm&r=g\",\"caption\":\"iapd\"},\"url\":\"https:\/\/iapd.international\/fr\/author\/iapd\/\"}]}<\/script>\n<!-- \/ Yoast SEO Premium plugin. -->","yoast_head_json":{"title":"The international Alliance for Peace and Development condemns enforced disappearance as a crime against humanity - INTERNATIONAL ALLIANCE FOR PEACE AND DEVELOPMENT","robots":{"index":"index","follow":"follow","max-snippet":"max-snippet:-1","max-image-preview":"max-image-preview:large","max-video-preview":"max-video-preview:-1"},"canonical":"https:\/\/iapd.international\/fr\/the-international-alliance-for-peace-and-development-condemns-enforced-disappearance-as-a-crime-against-humanity\/","og_locale":"fr_FR","og_type":"article","og_title":"The international Alliance for Peace and Development condemns enforced disappearance as a crime against humanity","og_description":"In conjunction with international day of the Victims of Enforced Disappearances, International Alliance for Peace and Development expressed its deep concern about the increase in enforced or involuntary disappearances in various regions of the world, including arrest, detention and abduction.\u00a0 Enforced disappearance has become a global problem and is not restricted to a specific region [&hellip;]","og_url":"https:\/\/iapd.international\/fr\/the-international-alliance-for-peace-and-development-condemns-enforced-disappearance-as-a-crime-against-humanity\/","og_site_name":"INTERNATIONAL ALLIANCE FOR PEACE AND DEVELOPMENT","article_publisher":"https:\/\/www.facebook.com\/InternationalA.P.D","article_published_time":"2019-08-30T08:58:41+00:00","article_modified_time":"2020-01-12T08:38:50+00:00","og_image":[{"width":310,"height":165,"url":"https:\/\/iapd.international\/wp-content\/uploads\/2019\/08\/enforced-disapperances-310x165.jpg","type":"image\/jpeg"}],"author":"iapd","twitter_card":"summary_large_image","twitter_misc":{"\u00c9crit par":"iapd","Dur\u00e9e de lecture estim\u00e9e":"2 minutes"},"schema":{"@context":"https:\/\/schema.org","@graph":[{"@type":"Article","@id":"https:\/\/iapd.international\/the-international-alliance-for-peace-and-development-condemns-enforced-disappearance-as-a-crime-against-humanity\/#article","isPartOf":{"@id":"https:\/\/iapd.international\/the-international-alliance-for-peace-and-development-condemns-enforced-disappearance-as-a-crime-against-humanity\/"},"author":{"name":"iapd","@id":"https:\/\/iapd.international\/#\/schema\/person\/d4253a5b397eb464176c90b7cc0a24f4"},"headline":"The international Alliance for Peace and Development condemns enforced disappearance as a crime against humanity","datePublished":"2019-08-30T08:58:41+00:00","dateModified":"2020-01-12T08:38:50+00:00","mainEntityOfPage":{"@id":"https:\/\/iapd.international\/the-international-alliance-for-peace-and-development-condemns-enforced-disappearance-as-a-crime-against-humanity\/"},"wordCount":384,"commentCount":0,"publisher":{"@id":"https:\/\/iapd.international\/#organization"},"articleSection":["publications"],"inLanguage":"fr-FR"},{"@type":"WebPage","@id":"https:\/\/iapd.international\/the-international-alliance-for-peace-and-development-condemns-enforced-disappearance-as-a-crime-against-humanity\/","url":"https:\/\/iapd.international\/the-international-alliance-for-peace-and-development-condemns-enforced-disappearance-as-a-crime-against-humanity\/","name":"The international Alliance for Peace and Development condemns enforced disappearance as a crime against humanity - INTERNATIONAL ALLIANCE FOR PEACE AND DEVELOPMENT","isPartOf":{"@id":"https:\/\/iapd.international\/#website"},"datePublished":"2019-08-30T08:58:41+00:00","dateModified":"2020-01-12T08:38:50+00:00","breadcrumb":{"@id":"https:\/\/iapd.international\/the-international-alliance-for-peace-and-development-condemns-enforced-disappearance-as-a-crime-against-humanity\/#breadcrumb"},"inLanguage":"fr-FR","potentialAction":[{"@type":"ReadAction","target":["https:\/\/iapd.international\/the-international-alliance-for-peace-and-development-condemns-enforced-disappearance-as-a-crime-against-humanity\/"]}]},{"@type":"BreadcrumbList","@id":"https:\/\/iapd.international\/the-international-alliance-for-peace-and-development-condemns-enforced-disappearance-as-a-crime-against-humanity\/#breadcrumb","itemListElement":[{"@type":"ListItem","position":1,"name":"Home","item":"https:\/\/iapd.international\/en\/"},{"@type":"ListItem","position":2,"name":"The international Alliance for Peace and Development condemns enforced disappearance as a crime against humanity"}]},{"@type":"WebSite","@id":"https:\/\/iapd.international\/#website","url":"https:\/\/iapd.international\/","name":"INTERNATIONAL ALLIANCE FOR PEACE AND DEVELOPMENT","description":"IAPD","publisher":{"@id":"https:\/\/iapd.international\/#organization"},"potentialAction":[{"@type":"SearchAction","target":{"@type":"EntryPoint","urlTemplate":"https:\/\/iapd.international\/?s={search_term_string}"},"query-input":"required name=search_term_string"}],"inLanguage":"fr-FR"},{"@type":"Organization","@id":"https:\/\/iapd.international\/#organization","name":"INTERNATIONAL ALLIANCE FOR PEACE AND DEVELOPMENT","url":"https:\/\/iapd.international\/","logo":{"@type":"ImageObject","inLanguage":"fr-FR","@id":"https:\/\/iapd.international\/#\/schema\/logo\/image\/","url":"https:\/\/iapd.international\/wp-content\/uploads\/2024\/09\/150p.png","contentUrl":"https:\/\/iapd.international\/wp-content\/uploads\/2024\/09\/150p.png","width":150,"height":150,"caption":"INTERNATIONAL ALLIANCE FOR PEACE AND DEVELOPMENT"},"image":{"@id":"https:\/\/iapd.international\/#\/schema\/logo\/image\/"},"sameAs":["https:\/\/www.facebook.com\/InternationalA.P.D"]},{"@type":"Person","@id":"https:\/\/iapd.international\/#\/schema\/person\/d4253a5b397eb464176c90b7cc0a24f4","name":"iapd","image":{"@type":"ImageObject","inLanguage":"fr-FR","@id":"https:\/\/iapd.international\/#\/schema\/person\/image\/","url":"https:\/\/secure.gravatar.com\/avatar\/513de6fb9b0c2ee0ada081a3a9c852bef1fd8a9358bcc5bc47c0db923a311880?s=96&d=mm&r=g","contentUrl":"https:\/\/secure.gravatar.com\/avatar\/513de6fb9b0c2ee0ada081a3a9c852bef1fd8a9358bcc5bc47c0db923a311880?s=96&d=mm&r=g","caption":"iapd"},"url":"https:\/\/iapd.international\/fr\/author\/iapd\/"}]}},"_links":{"self":[{"href":"https:\/\/iapd.international\/fr\/wp-json\/wp\/v2\/posts\/584","targetHints":{"allow":["GET"]}}],"collection":[{"href":"https:\/\/iapd.international\/fr\/wp-json\/wp\/v2\/posts"}],"about":[{"href":"https:\/\/iapd.international\/fr\/wp-json\/wp\/v2\/types\/post"}],"author":[{"embeddable":true,"href":"https:\/\/iapd.international\/fr\/wp-json\/wp\/v2\/users\/1"}],"replies":[{"embeddable":true,"href":"https:\/\/iapd.international\/fr\/wp-json\/wp\/v2\/comments?post=584"}],"version-history":[{"count":0,"href":"https:\/\/iapd.international\/fr\/wp-json\/wp\/v2\/posts\/584\/revisions"}],"wp:featuredmedia":[{"embeddable":true,"href":"https:\/\/iapd.international\/fr\/wp-json\/wp\/v2\/media\/585"}],"wp:attachment":[{"href":"https:\/\/iapd.international\/fr\/wp-json\/wp\/v2\/media?parent=584"}],"wp:term":[{"taxonomy":"category","embeddable":true,"href":"https:\/\/iapd.international\/fr\/wp-json\/wp\/v2\/categories?post=584"},{"taxonomy":"post_tag","embeddable":true,"href":"https:\/\/iapd.international\/fr\/wp-json\/wp\/v2\/tags?post=584"}],"curies":[{"name":"wp","href":"https:\/\/api.w.org\/{rel}","templated":true}]}}