{"id":462,"date":"2019-06-23T14:43:17","date_gmt":"2019-06-23T14:43:17","guid":{"rendered":"https:\/\/iapd.international\/?p=462"},"modified":"2020-01-12T08:41:36","modified_gmt":"2020-01-12T08:41:36","slug":"international-alliance-for-peace-and-development-holds-a-training-session-on-united-nations-human-rights-mechanisms","status":"publish","type":"post","link":"https:\/\/iapd.international\/fr\/international-alliance-for-peace-and-development-holds-a-training-session-on-united-nations-human-rights-mechanisms\/","title":{"rendered":"L&#039;Alliance internationale pour la paix et le d\u00e9veloppement organise une formation sur les m\u00e9canismes des droits de l&#039;homme des Nations Unies"},"content":{"rendered":"<p><strong>L&#039;Alliance internationale pour la paix et le d\u00e9veloppement organise une formation sur les m\u00e9canismes des droits de l&#039;homme des Nations Unies<\/strong><\/p>\n<p>L&#039;Alliance internationale pour la paix et le d\u00e9veloppement organise \u00e0 Gen\u00e8ve, en marge de la 41e session du Conseil des droits de l&#039;homme, un cours de formation sur les m\u00e9canismes des droits de l&#039;homme de l&#039;ONU. Ce cours est organis\u00e9 en coop\u00e9ration avec un certain nombre d&#039;organisations europ\u00e9ennes, arabes et africaines int\u00e9ress\u00e9es par les m\u00e9canismes internationaux des droits de l&#039;homme. Le cours d\u00e9butera le 23 juin 2019 et durera 2 semaines.<\/p>\n<p>Ce cours de formation est compos\u00e9 de 26 participants de diff\u00e9rents pays d&#039;Europe, d&#039;Afrique et des pays arabes. La caract\u00e9ristique la plus importante de ce cours de formation est qu&#039;il combine l&#039;aspect th\u00e9orique en expliquant aux participants par un groupe d&#039;experts distingu\u00e9s dans les m\u00e9canismes des droits de l&#039;homme des Nations Unies, \u00e0 savoir: Ayman Okeil, Walaa Keshta, Hager Abd Elmonsif, Mennatalla Abdelraouf. et la deuxi\u00e8me partie sera l&#039;aspect pratique pendant la participation de tous les participants aux sessions du Conseil des droits de l&#039;homme au si\u00e8ge des Nations Unies \u00e0 Gen\u00e8ve pendant les jours de la session<\/p>\n<p>Ce cours se concentre sur les m\u00e9canismes du Conseil des droits de l&#039;homme, l&#039;examen p\u00e9riodique universel (EPU) et l&#039;organe des trait\u00e9s seront identifi\u00e9s, et sur la mani\u00e8re dont le m\u00e9canisme et la m\u00e9thode de rapport des \u00c9tats et de rapport des ONG seront utilis\u00e9s.<\/p>\n<p>Ahmed Said, directeur ex\u00e9cutif de l&#039;Alliance internationale, a d\u00e9clar\u00e9 que l&#039;importance de cette formation est due \u00e0 la conviction de l&#039;Alliance internationale pour la paix et le d\u00e9veloppement de l&#039;importance de coop\u00e9rer avec les m\u00e9canismes des droits de l&#039;homme de l&#039;ONU qui contribuent \u00e0 diffuser son message, \u00e0 diffuser la paix, \u00e0 renoncer \u00e0 la violence, \u00e0 l&#039;extr\u00e9misme, aux discours de haine et \u00e0 sensibiliser \u00e0 l&#039;importance des droits de l&#039;homme. Cette formation travaille \u00e9galement sur le respect de la diversit\u00e9 culturelle et la coexistence avec les autres. Elle comprend divers membres de diff\u00e9rents pays d&#039;Europe, d&#039;Afrique et des pays arabes, ce qui contribuera \u00e0 la diffusion du message recherch\u00e9 par l&#039;Alliance internationale, \u00e0 savoir la diffusion des valeurs de paix, le rejet de la violence et de l&#039;extr\u00e9misme et le respect des droits de l&#039;homme.<\/p>\n<p><a href=\"https:\/\/iapd.international\/wp-content\/uploads\/2019\/06\/248cf3de-9070-4132-85f2-795b07989ca7.jpg\"><img fetchpriority=\"high\" decoding=\"async\" class=\"alignnone size-medium wp-image-470\" src=\"https:\/\/iapd.international\/wp-content\/uploads\/2019\/06\/248cf3de-9070-4132-85f2-795b07989ca7-300x200.jpg\" alt=\"\" width=\"300\" height=\"200\" srcset=\"https:\/\/iapd.international\/wp-content\/uploads\/2019\/06\/248cf3de-9070-4132-85f2-795b07989ca7-300x200.jpg 300w, https:\/\/iapd.international\/wp-content\/uploads\/2019\/06\/248cf3de-9070-4132-85f2-795b07989ca7-768x512.jpg 768w, https:\/\/iapd.international\/wp-content\/uploads\/2019\/06\/248cf3de-9070-4132-85f2-795b07989ca7-1024x682.jpg 1024w, https:\/\/iapd.international\/wp-content\/uploads\/2019\/06\/248cf3de-9070-4132-85f2-795b07989ca7.jpg 1280w\" sizes=\"(max-width: 300px) 100vw, 300px\" \/><\/a><\/p>\n<p><a href=\"https:\/\/iapd.international\/wp-content\/uploads\/2019\/06\/WhatsApp-Image-2019-06-23-at-3.47.37-PM.jpeg\"><img decoding=\"async\" class=\"alignnone size-medium wp-image-464\" src=\"https:\/\/iapd.international\/wp-content\/uploads\/2019\/06\/WhatsApp-Image-2019-06-23-at-3.47.37-PM-300x225.jpeg\" alt=\"\" width=\"300\" height=\"225\" srcset=\"https:\/\/iapd.international\/wp-content\/uploads\/2019\/06\/WhatsApp-Image-2019-06-23-at-3.47.37-PM-300x225.jpeg 300w, https:\/\/iapd.international\/wp-content\/uploads\/2019\/06\/WhatsApp-Image-2019-06-23-at-3.47.37-PM-768x576.jpeg 768w, https:\/\/iapd.international\/wp-content\/uploads\/2019\/06\/WhatsApp-Image-2019-06-23-at-3.47.37-PM-1024x768.jpeg 1024w, https:\/\/iapd.international\/wp-content\/uploads\/2019\/06\/WhatsApp-Image-2019-06-23-at-3.47.37-PM.jpeg 1280w\" sizes=\"(max-width: 300px) 100vw, 300px\" \/><\/a><a href=\"https:\/\/iapd.international\/wp-content\/uploads\/2019\/06\/DSC_4963.jpg\"><img decoding=\"async\" class=\"alignnone size-medium wp-image-463\" src=\"https:\/\/iapd.international\/wp-content\/uploads\/2019\/06\/DSC_4963-300x200.jpg\" alt=\"\" width=\"300\" height=\"200\" srcset=\"https:\/\/iapd.international\/wp-content\/uploads\/2019\/06\/DSC_4963-300x200.jpg 300w, https:\/\/iapd.international\/wp-content\/uploads\/2019\/06\/DSC_4963-768x512.jpg 768w, https:\/\/iapd.international\/wp-content\/uploads\/2019\/06\/DSC_4963-1024x683.jpg 1024w\" sizes=\"(max-width: 300px) 100vw, 300px\" \/><\/a><\/p>\n<p>&nbsp;<\/p>","protected":false},"excerpt":{"rendered":"<p>International Alliance for Peace and Development holds a training course on United Nations human rights mechanisms The International Alliance for Peace and Development holds a training course on the UN human rights mechanisms in Geneva in conjunction with the 41st Session of the Human Rights Council. this course is in cooperation with a number of [&hellip;]<\/p>","protected":false},"author":1,"featured_media":463,"comment_status":"open","ping_status":"open","sticky":false,"template":"","format":"standard","meta":{"ngg_post_thumbnail":0,"footnotes":""},"categories":[17],"tags":[],"class_list":["post-462","post","type-post","status-publish","format-standard","has-post-thumbnail","hentry","category-publications-en"],"yoast_head":"<!-- This site is optimized with the Yoast SEO Premium plugin v19.3 (Yoast SEO v20.9) - https:\/\/yoast.com\/wordpress\/plugins\/seo\/ -->\n<title>International Alliance for Peace and Development holds a training course on United Nations human rights mechanisms - INTERNATIONAL ALLIANCE FOR PEACE AND DEVELOPMENT<\/title>\n<meta name=\"robots\" content=\"index, follow, max-snippet:-1, max-image-preview:large, max-video-preview:-1\" \/>\n<link rel=\"canonical\" href=\"https:\/\/iapd.international\/fr\/international-alliance-for-peace-and-development-holds-a-training-session-on-united-nations-human-rights-mechanisms\/\" \/>\n<meta property=\"og:locale\" content=\"fr_FR\" \/>\n<meta property=\"og:type\" content=\"article\" \/>\n<meta property=\"og:title\" content=\"International Alliance for Peace and Development holds a training course on United Nations human rights mechanisms\" \/>\n<meta property=\"og:description\" content=\"International Alliance for Peace and Development holds a training course on United Nations human rights mechanisms The International Alliance for Peace and Development holds a training course on the UN human rights mechanisms in Geneva in conjunction with the 41st Session of the Human Rights Council. this course is in cooperation with a number of [&hellip;]\" \/>\n<meta property=\"og:url\" content=\"https:\/\/iapd.international\/fr\/international-alliance-for-peace-and-development-holds-a-training-session-on-united-nations-human-rights-mechanisms\/\" \/>\n<meta property=\"og:site_name\" content=\"INTERNATIONAL ALLIANCE FOR PEACE AND DEVELOPMENT\" \/>\n<meta property=\"article:publisher\" content=\"https:\/\/www.facebook.com\/InternationalA.P.D\" \/>\n<meta property=\"article:published_time\" content=\"2019-06-23T14:43:17+00:00\" \/>\n<meta property=\"article:modified_time\" content=\"2020-01-12T08:41:36+00:00\" \/>\n<meta property=\"og:image\" content=\"https:\/\/iapd.international\/wp-content\/uploads\/2019\/06\/DSC_4963.jpg\" \/>\n\t<meta property=\"og:image:width\" content=\"6000\" \/>\n\t<meta property=\"og:image:height\" content=\"4000\" \/>\n\t<meta property=\"og:image:type\" content=\"image\/jpeg\" \/>\n<meta name=\"author\" content=\"iapd\" \/>\n<meta name=\"twitter:card\" content=\"summary_large_image\" \/>\n<meta name=\"twitter:label1\" content=\"\u00c9crit par\" \/>\n\t<meta name=\"twitter:data1\" content=\"iapd\" \/>\n\t<meta name=\"twitter:label2\" content=\"Dur\u00e9e de lecture estim\u00e9e\" \/>\n\t<meta name=\"twitter:data2\" content=\"2 minutes\" \/>\n<script type=\"application\/ld+json\" class=\"yoast-schema-graph\">{\"@context\":\"https:\/\/schema.org\",\"@graph\":[{\"@type\":\"Article\",\"@id\":\"https:\/\/iapd.international\/international-alliance-for-peace-and-development-holds-a-training-session-on-united-nations-human-rights-mechanisms\/#article\",\"isPartOf\":{\"@id\":\"https:\/\/iapd.international\/international-alliance-for-peace-and-development-holds-a-training-session-on-united-nations-human-rights-mechanisms\/\"},\"author\":{\"name\":\"iapd\",\"@id\":\"https:\/\/iapd.international\/#\/schema\/person\/d4253a5b397eb464176c90b7cc0a24f4\"},\"headline\":\"International Alliance for Peace and Development holds a training course on United Nations human rights mechanisms\",\"datePublished\":\"2019-06-23T14:43:17+00:00\",\"dateModified\":\"2020-01-12T08:41:36+00:00\",\"mainEntityOfPage\":{\"@id\":\"https:\/\/iapd.international\/international-alliance-for-peace-and-development-holds-a-training-session-on-united-nations-human-rights-mechanisms\/\"},\"wordCount\":356,\"commentCount\":0,\"publisher\":{\"@id\":\"https:\/\/iapd.international\/#organization\"},\"articleSection\":[\"publications\"],\"inLanguage\":\"fr-FR\"},{\"@type\":\"WebPage\",\"@id\":\"https:\/\/iapd.international\/international-alliance-for-peace-and-development-holds-a-training-session-on-united-nations-human-rights-mechanisms\/\",\"url\":\"https:\/\/iapd.international\/international-alliance-for-peace-and-development-holds-a-training-session-on-united-nations-human-rights-mechanisms\/\",\"name\":\"International Alliance for Peace and Development holds a training course on United Nations human rights mechanisms - INTERNATIONAL ALLIANCE FOR PEACE AND DEVELOPMENT\",\"isPartOf\":{\"@id\":\"https:\/\/iapd.international\/#website\"},\"datePublished\":\"2019-06-23T14:43:17+00:00\",\"dateModified\":\"2020-01-12T08:41:36+00:00\",\"breadcrumb\":{\"@id\":\"https:\/\/iapd.international\/international-alliance-for-peace-and-development-holds-a-training-session-on-united-nations-human-rights-mechanisms\/#breadcrumb\"},\"inLanguage\":\"fr-FR\",\"potentialAction\":[{\"@type\":\"ReadAction\",\"target\":[\"https:\/\/iapd.international\/international-alliance-for-peace-and-development-holds-a-training-session-on-united-nations-human-rights-mechanisms\/\"]}]},{\"@type\":\"BreadcrumbList\",\"@id\":\"https:\/\/iapd.international\/international-alliance-for-peace-and-development-holds-a-training-session-on-united-nations-human-rights-mechanisms\/#breadcrumb\",\"itemListElement\":[{\"@type\":\"ListItem\",\"position\":1,\"name\":\"Home\",\"item\":\"https:\/\/iapd.international\/en\/\"},{\"@type\":\"ListItem\",\"position\":2,\"name\":\"International Alliance for Peace and Development holds a training course on United Nations human rights mechanisms\"}]},{\"@type\":\"WebSite\",\"@id\":\"https:\/\/iapd.international\/#website\",\"url\":\"https:\/\/iapd.international\/\",\"name\":\"INTERNATIONAL ALLIANCE FOR PEACE AND DEVELOPMENT\",\"description\":\"IAPD\",\"publisher\":{\"@id\":\"https:\/\/iapd.international\/#organization\"},\"potentialAction\":[{\"@type\":\"SearchAction\",\"target\":{\"@type\":\"EntryPoint\",\"urlTemplate\":\"https:\/\/iapd.international\/?s={search_term_string}\"},\"query-input\":\"required name=search_term_string\"}],\"inLanguage\":\"fr-FR\"},{\"@type\":\"Organization\",\"@id\":\"https:\/\/iapd.international\/#organization\",\"name\":\"INTERNATIONAL ALLIANCE FOR PEACE AND DEVELOPMENT\",\"url\":\"https:\/\/iapd.international\/\",\"logo\":{\"@type\":\"ImageObject\",\"inLanguage\":\"fr-FR\",\"@id\":\"https:\/\/iapd.international\/#\/schema\/logo\/image\/\",\"url\":\"https:\/\/iapd.international\/wp-content\/uploads\/2024\/09\/150p.png\",\"contentUrl\":\"https:\/\/iapd.international\/wp-content\/uploads\/2024\/09\/150p.png\",\"width\":150,\"height\":150,\"caption\":\"INTERNATIONAL ALLIANCE FOR PEACE AND DEVELOPMENT\"},\"image\":{\"@id\":\"https:\/\/iapd.international\/#\/schema\/logo\/image\/\"},\"sameAs\":[\"https:\/\/www.facebook.com\/InternationalA.P.D\"]},{\"@type\":\"Person\",\"@id\":\"https:\/\/iapd.international\/#\/schema\/person\/d4253a5b397eb464176c90b7cc0a24f4\",\"name\":\"iapd\",\"image\":{\"@type\":\"ImageObject\",\"inLanguage\":\"fr-FR\",\"@id\":\"https:\/\/iapd.international\/#\/schema\/person\/image\/\",\"url\":\"https:\/\/secure.gravatar.com\/avatar\/513de6fb9b0c2ee0ada081a3a9c852bef1fd8a9358bcc5bc47c0db923a311880?s=96&d=mm&r=g\",\"contentUrl\":\"https:\/\/secure.gravatar.com\/avatar\/513de6fb9b0c2ee0ada081a3a9c852bef1fd8a9358bcc5bc47c0db923a311880?s=96&d=mm&r=g\",\"caption\":\"iapd\"},\"url\":\"https:\/\/iapd.international\/fr\/author\/iapd\/\"}]}<\/script>\n<!-- \/ Yoast SEO Premium plugin. -->","yoast_head_json":{"title":"International Alliance for Peace and Development holds a training course on United Nations human rights mechanisms - INTERNATIONAL ALLIANCE FOR PEACE AND DEVELOPMENT","robots":{"index":"index","follow":"follow","max-snippet":"max-snippet:-1","max-image-preview":"max-image-preview:large","max-video-preview":"max-video-preview:-1"},"canonical":"https:\/\/iapd.international\/fr\/international-alliance-for-peace-and-development-holds-a-training-session-on-united-nations-human-rights-mechanisms\/","og_locale":"fr_FR","og_type":"article","og_title":"International Alliance for Peace and Development holds a training course on United Nations human rights mechanisms","og_description":"International Alliance for Peace and Development holds a training course on United Nations human rights mechanisms The International Alliance for Peace and Development holds a training course on the UN human rights mechanisms in Geneva in conjunction with the 41st Session of the Human Rights Council. this course is in cooperation with a number of [&hellip;]","og_url":"https:\/\/iapd.international\/fr\/international-alliance-for-peace-and-development-holds-a-training-session-on-united-nations-human-rights-mechanisms\/","og_site_name":"INTERNATIONAL ALLIANCE FOR PEACE AND DEVELOPMENT","article_publisher":"https:\/\/www.facebook.com\/InternationalA.P.D","article_published_time":"2019-06-23T14:43:17+00:00","article_modified_time":"2020-01-12T08:41:36+00:00","og_image":[{"width":6000,"height":4000,"url":"https:\/\/iapd.international\/wp-content\/uploads\/2019\/06\/DSC_4963.jpg","type":"image\/jpeg"}],"author":"iapd","twitter_card":"summary_large_image","twitter_misc":{"\u00c9crit par":"iapd","Dur\u00e9e de lecture estim\u00e9e":"2 minutes"},"schema":{"@context":"https:\/\/schema.org","@graph":[{"@type":"Article","@id":"https:\/\/iapd.international\/international-alliance-for-peace-and-development-holds-a-training-session-on-united-nations-human-rights-mechanisms\/#article","isPartOf":{"@id":"https:\/\/iapd.international\/international-alliance-for-peace-and-development-holds-a-training-session-on-united-nations-human-rights-mechanisms\/"},"author":{"name":"iapd","@id":"https:\/\/iapd.international\/#\/schema\/person\/d4253a5b397eb464176c90b7cc0a24f4"},"headline":"International Alliance for Peace and Development holds a training course on United Nations human rights mechanisms","datePublished":"2019-06-23T14:43:17+00:00","dateModified":"2020-01-12T08:41:36+00:00","mainEntityOfPage":{"@id":"https:\/\/iapd.international\/international-alliance-for-peace-and-development-holds-a-training-session-on-united-nations-human-rights-mechanisms\/"},"wordCount":356,"commentCount":0,"publisher":{"@id":"https:\/\/iapd.international\/#organization"},"articleSection":["publications"],"inLanguage":"fr-FR"},{"@type":"WebPage","@id":"https:\/\/iapd.international\/international-alliance-for-peace-and-development-holds-a-training-session-on-united-nations-human-rights-mechanisms\/","url":"https:\/\/iapd.international\/international-alliance-for-peace-and-development-holds-a-training-session-on-united-nations-human-rights-mechanisms\/","name":"International Alliance for Peace and Development holds a training course on United Nations human rights mechanisms - INTERNATIONAL ALLIANCE FOR PEACE AND DEVELOPMENT","isPartOf":{"@id":"https:\/\/iapd.international\/#website"},"datePublished":"2019-06-23T14:43:17+00:00","dateModified":"2020-01-12T08:41:36+00:00","breadcrumb":{"@id":"https:\/\/iapd.international\/international-alliance-for-peace-and-development-holds-a-training-session-on-united-nations-human-rights-mechanisms\/#breadcrumb"},"inLanguage":"fr-FR","potentialAction":[{"@type":"ReadAction","target":["https:\/\/iapd.international\/international-alliance-for-peace-and-development-holds-a-training-session-on-united-nations-human-rights-mechanisms\/"]}]},{"@type":"BreadcrumbList","@id":"https:\/\/iapd.international\/international-alliance-for-peace-and-development-holds-a-training-session-on-united-nations-human-rights-mechanisms\/#breadcrumb","itemListElement":[{"@type":"ListItem","position":1,"name":"Home","item":"https:\/\/iapd.international\/en\/"},{"@type":"ListItem","position":2,"name":"International Alliance for Peace and Development holds a training course on United Nations human rights mechanisms"}]},{"@type":"WebSite","@id":"https:\/\/iapd.international\/#website","url":"https:\/\/iapd.international\/","name":"INTERNATIONAL ALLIANCE FOR PEACE AND DEVELOPMENT","description":"IAPD","publisher":{"@id":"https:\/\/iapd.international\/#organization"},"potentialAction":[{"@type":"SearchAction","target":{"@type":"EntryPoint","urlTemplate":"https:\/\/iapd.international\/?s={search_term_string}"},"query-input":"required name=search_term_string"}],"inLanguage":"fr-FR"},{"@type":"Organization","@id":"https:\/\/iapd.international\/#organization","name":"INTERNATIONAL ALLIANCE FOR PEACE AND DEVELOPMENT","url":"https:\/\/iapd.international\/","logo":{"@type":"ImageObject","inLanguage":"fr-FR","@id":"https:\/\/iapd.international\/#\/schema\/logo\/image\/","url":"https:\/\/iapd.international\/wp-content\/uploads\/2024\/09\/150p.png","contentUrl":"https:\/\/iapd.international\/wp-content\/uploads\/2024\/09\/150p.png","width":150,"height":150,"caption":"INTERNATIONAL ALLIANCE FOR PEACE AND DEVELOPMENT"},"image":{"@id":"https:\/\/iapd.international\/#\/schema\/logo\/image\/"},"sameAs":["https:\/\/www.facebook.com\/InternationalA.P.D"]},{"@type":"Person","@id":"https:\/\/iapd.international\/#\/schema\/person\/d4253a5b397eb464176c90b7cc0a24f4","name":"iapd","image":{"@type":"ImageObject","inLanguage":"fr-FR","@id":"https:\/\/iapd.international\/#\/schema\/person\/image\/","url":"https:\/\/secure.gravatar.com\/avatar\/513de6fb9b0c2ee0ada081a3a9c852bef1fd8a9358bcc5bc47c0db923a311880?s=96&d=mm&r=g","contentUrl":"https:\/\/secure.gravatar.com\/avatar\/513de6fb9b0c2ee0ada081a3a9c852bef1fd8a9358bcc5bc47c0db923a311880?s=96&d=mm&r=g","caption":"iapd"},"url":"https:\/\/iapd.international\/fr\/author\/iapd\/"}]}},"_links":{"self":[{"href":"https:\/\/iapd.international\/fr\/wp-json\/wp\/v2\/posts\/462","targetHints":{"allow":["GET"]}}],"collection":[{"href":"https:\/\/iapd.international\/fr\/wp-json\/wp\/v2\/posts"}],"about":[{"href":"https:\/\/iapd.international\/fr\/wp-json\/wp\/v2\/types\/post"}],"author":[{"embeddable":true,"href":"https:\/\/iapd.international\/fr\/wp-json\/wp\/v2\/users\/1"}],"replies":[{"embeddable":true,"href":"https:\/\/iapd.international\/fr\/wp-json\/wp\/v2\/comments?post=462"}],"version-history":[{"count":0,"href":"https:\/\/iapd.international\/fr\/wp-json\/wp\/v2\/posts\/462\/revisions"}],"wp:featuredmedia":[{"embeddable":true,"href":"https:\/\/iapd.international\/fr\/wp-json\/wp\/v2\/media\/463"}],"wp:attachment":[{"href":"https:\/\/iapd.international\/fr\/wp-json\/wp\/v2\/media?parent=462"}],"wp:term":[{"taxonomy":"category","embeddable":true,"href":"https:\/\/iapd.international\/fr\/wp-json\/wp\/v2\/categories?post=462"},{"taxonomy":"post_tag","embeddable":true,"href":"https:\/\/iapd.international\/fr\/wp-json\/wp\/v2\/tags?post=462"}],"curies":[{"name":"wp","href":"https:\/\/api.w.org\/{rel}","templated":true}]}}