{"id":457,"date":"2019-06-22T20:48:23","date_gmt":"2019-06-22T20:48:23","guid":{"rendered":"https:\/\/iapd.international\/?p=457"},"modified":"2020-01-12T08:41:27","modified_gmt":"2020-01-12T08:41:27","slug":"the-international-alliance-for-peace-and-development-hosting-joint-mission-from-a-number-of-organizations-under-the-slogan-unite-for-peace-the-international-alliance-for-peace-and-development-in-genev","status":"publish","type":"post","link":"https:\/\/iapd.international\/fr\/the-international-alliance-for-peace-and-development-hosting-joint-mission-from-a-number-of-organizations-under-the-slogan-unite-for-peace-the-international-alliance-for-peace-and-development-in-genev\/","title":{"rendered":"L&#039;Alliance internationale pour la paix et le d\u00e9veloppement accueille une mission conjointe de plusieurs organisations sous le slogan Unis pour la paix"},"content":{"rendered":"<p style=\"text-align: center;\"><strong>L&#039;Alliance internationale pour la paix et le d\u00e9veloppement accueille une mission conjointe de plusieurs organisations sous le slogan Unis pour la paix<\/strong><\/p>\n<p>L&#039;Alliance internationale pour la paix et le d\u00e9veloppement \u00e0 Gen\u00e8ve est heureuse d&#039;accueillir et de participer \u00e0 une mission conjointe compos\u00e9e de quatre organisations : l&#039;Alliance internationale pour la paix et le d\u00e9veloppement, le Groupe international de consultation, Maat pour le d\u00e9veloppement de la paix et des droits de l&#039;homme et les partenaires pour la transparence. Et l&#039;arriv\u00e9e des membres de la mission aujourd&#039;hui \u00e0 Gen\u00e8ve, le 22 juin 2019<\/p>\n<p>Cette mission comprend 26 participants de pays europ\u00e9ens, arabes et africains (Suisse, Italie, Lettonie, Roumanie, Turquie, Egypte, Somalie, Kenya)<\/p>\n<p>L&#039;Alliance internationale a pour objectif de diffuser la culture de la paix parmi les peuples et de promouvoir les valeurs de tol\u00e9rance et d&#039;amour. Elle s&#039;efforce \u00e9galement de promouvoir le d\u00e9veloppement durable dans le monde entier. Elle s&#039;efforce de lutter contre la haine, la violence et l&#039;extr\u00e9misme et de travailler aux c\u00f4t\u00e9s des m\u00e9canismes de l&#039;ONU et d&#039;autres institutions comp\u00e9tentes dans le monde entier. L&#039;Alliance internationale souligne la n\u00e9cessit\u00e9 de la coexistence et du respect de la diversit\u00e9 culturelle. Elle affirme que l&#039;objectif de sa mission est de diffuser les valeurs de la paix.<\/p>\n<p>\u00c0 cet \u00e9gard, l\u2019Alliance internationale fournit des services logistiques aux membres de la mission conjointe. L\u2019Alliance participera \u00e9galement \u00e0 un cours de formation sur la coop\u00e9ration avec les m\u00e9canismes des droits de l\u2019homme de l\u2019ONU dans le monde, en marge de la 41e session du Conseil des droits de l\u2019homme de l\u2019ONU, qui d\u00e9butera le 24 juin 2019.<\/p>\n<p>L\u2019Alliance internationale organisera le rassemblement \u00ab Unit\u00e9 pour la Paix \u00bb devant la chaise cass\u00e9e \u00e0 c\u00f4t\u00e9 de la place des Nations, en coop\u00e9ration avec les organisations de la mission, car l\u2019Alliance croit que l\u2019importance de la paix et de la non-violence pour parvenir \u00e0 une bonne vie de l\u2019homme et au respect de son droit \u00e0 la vie. Ce rassemblement est le d\u00e9but d\u2019un \u00e9v\u00e9nement majeur pr\u00e9par\u00e9 par l\u2019Alliance et la mission commune lors de sa participation \u00e0 la session de Gen\u00e8ve et sera annonc\u00e9 au d\u00e9but de la session.<\/p>\n<p>L&#039;Alliance internationale organisera \u00e9galement un cours de formation sur les objectifs de d\u00e9veloppement durable afin de renforcer la compr\u00e9hension des participants \u00e0 la mission quant \u00e0 l&#039;importance du d\u00e9veloppement durable.<\/p>\n<p>&nbsp;<\/p>","protected":false},"excerpt":{"rendered":"<p>The International Alliance for Peace and Development hosting Joint Mission From a number of organizations under the slogan Unite for Peace The International Alliance for Peace and Development in Geneva is glad to host and participate with joint mission which consist of four organizations:\u00a0 International Alliance for Peace and Development, international Consultations Group, Maat for [&hellip;]<\/p>","protected":false},"author":1,"featured_media":458,"comment_status":"open","ping_status":"open","sticky":false,"template":"","format":"standard","meta":{"ngg_post_thumbnail":0,"footnotes":""},"categories":[17],"tags":[],"class_list":["post-457","post","type-post","status-publish","format-standard","has-post-thumbnail","hentry","category-publications-en"],"yoast_head":"<!-- This site is optimized with the Yoast SEO Premium plugin v19.3 (Yoast SEO v20.9) - https:\/\/yoast.com\/wordpress\/plugins\/seo\/ -->\n<title>The International Alliance for Peace and Development hosting Joint Mission From a number of organizations under the slogan Unite for Peace - INTERNATIONAL ALLIANCE FOR PEACE AND DEVELOPMENT<\/title>\n<meta name=\"robots\" content=\"index, follow, max-snippet:-1, max-image-preview:large, max-video-preview:-1\" \/>\n<link rel=\"canonical\" href=\"https:\/\/iapd.international\/fr\/the-international-alliance-for-peace-and-development-hosting-joint-mission-from-a-number-of-organizations-under-the-slogan-unite-for-peace-the-international-alliance-for-peace-and-development-in-genev\/\" \/>\n<meta property=\"og:locale\" content=\"fr_FR\" \/>\n<meta property=\"og:type\" content=\"article\" \/>\n<meta property=\"og:title\" content=\"The International Alliance for Peace and Development hosting Joint Mission From a number of organizations under the slogan Unite for Peace\" \/>\n<meta property=\"og:description\" content=\"The International Alliance for Peace and Development hosting Joint Mission From a number of organizations under the slogan Unite for Peace The International Alliance for Peace and Development in Geneva is glad to host and participate with joint mission which consist of four organizations:\u00a0 International Alliance for Peace and Development, international Consultations Group, Maat for [&hellip;]\" \/>\n<meta property=\"og:url\" content=\"https:\/\/iapd.international\/fr\/the-international-alliance-for-peace-and-development-hosting-joint-mission-from-a-number-of-organizations-under-the-slogan-unite-for-peace-the-international-alliance-for-peace-and-development-in-genev\/\" \/>\n<meta property=\"og:site_name\" content=\"INTERNATIONAL ALLIANCE FOR PEACE AND DEVELOPMENT\" \/>\n<meta property=\"article:publisher\" content=\"https:\/\/www.facebook.com\/InternationalA.P.D\" \/>\n<meta property=\"article:published_time\" content=\"2019-06-22T20:48:23+00:00\" \/>\n<meta property=\"article:modified_time\" content=\"2020-01-12T08:41:27+00:00\" \/>\n<meta property=\"og:image\" content=\"https:\/\/iapd.international\/wp-content\/uploads\/2019\/06\/Logo-for-web-E.png\" \/>\n\t<meta property=\"og:image:width\" content=\"1000\" \/>\n\t<meta property=\"og:image:height\" content=\"652\" \/>\n\t<meta property=\"og:image:type\" content=\"image\/png\" \/>\n<meta name=\"author\" content=\"iapd\" \/>\n<meta name=\"twitter:card\" content=\"summary_large_image\" \/>\n<meta name=\"twitter:label1\" content=\"\u00c9crit par\" \/>\n\t<meta name=\"twitter:data1\" content=\"iapd\" \/>\n\t<meta name=\"twitter:label2\" content=\"Dur\u00e9e de lecture estim\u00e9e\" \/>\n\t<meta name=\"twitter:data2\" content=\"2 minutes\" \/>\n<script type=\"application\/ld+json\" class=\"yoast-schema-graph\">{\"@context\":\"https:\/\/schema.org\",\"@graph\":[{\"@type\":\"Article\",\"@id\":\"https:\/\/iapd.international\/the-international-alliance-for-peace-and-development-hosting-joint-mission-from-a-number-of-organizations-under-the-slogan-unite-for-peace-the-international-alliance-for-peace-and-development-in-genev\/#article\",\"isPartOf\":{\"@id\":\"https:\/\/iapd.international\/the-international-alliance-for-peace-and-development-hosting-joint-mission-from-a-number-of-organizations-under-the-slogan-unite-for-peace-the-international-alliance-for-peace-and-development-in-genev\/\"},\"author\":{\"name\":\"iapd\",\"@id\":\"https:\/\/iapd.international\/#\/schema\/person\/d4253a5b397eb464176c90b7cc0a24f4\"},\"headline\":\"The International Alliance for Peace and Development hosting Joint Mission From a number of organizations under the slogan Unite for Peace\",\"datePublished\":\"2019-06-22T20:48:23+00:00\",\"dateModified\":\"2020-01-12T08:41:27+00:00\",\"mainEntityOfPage\":{\"@id\":\"https:\/\/iapd.international\/the-international-alliance-for-peace-and-development-hosting-joint-mission-from-a-number-of-organizations-under-the-slogan-unite-for-peace-the-international-alliance-for-peace-and-development-in-genev\/\"},\"wordCount\":375,\"commentCount\":0,\"publisher\":{\"@id\":\"https:\/\/iapd.international\/#organization\"},\"articleSection\":[\"publications\"],\"inLanguage\":\"fr-FR\"},{\"@type\":\"WebPage\",\"@id\":\"https:\/\/iapd.international\/the-international-alliance-for-peace-and-development-hosting-joint-mission-from-a-number-of-organizations-under-the-slogan-unite-for-peace-the-international-alliance-for-peace-and-development-in-genev\/\",\"url\":\"https:\/\/iapd.international\/the-international-alliance-for-peace-and-development-hosting-joint-mission-from-a-number-of-organizations-under-the-slogan-unite-for-peace-the-international-alliance-for-peace-and-development-in-genev\/\",\"name\":\"The International Alliance for Peace and Development hosting Joint Mission From a number of organizations under the slogan Unite for Peace - INTERNATIONAL ALLIANCE FOR PEACE AND DEVELOPMENT\",\"isPartOf\":{\"@id\":\"https:\/\/iapd.international\/#website\"},\"datePublished\":\"2019-06-22T20:48:23+00:00\",\"dateModified\":\"2020-01-12T08:41:27+00:00\",\"breadcrumb\":{\"@id\":\"https:\/\/iapd.international\/the-international-alliance-for-peace-and-development-hosting-joint-mission-from-a-number-of-organizations-under-the-slogan-unite-for-peace-the-international-alliance-for-peace-and-development-in-genev\/#breadcrumb\"},\"inLanguage\":\"fr-FR\",\"potentialAction\":[{\"@type\":\"ReadAction\",\"target\":[\"https:\/\/iapd.international\/the-international-alliance-for-peace-and-development-hosting-joint-mission-from-a-number-of-organizations-under-the-slogan-unite-for-peace-the-international-alliance-for-peace-and-development-in-genev\/\"]}]},{\"@type\":\"BreadcrumbList\",\"@id\":\"https:\/\/iapd.international\/the-international-alliance-for-peace-and-development-hosting-joint-mission-from-a-number-of-organizations-under-the-slogan-unite-for-peace-the-international-alliance-for-peace-and-development-in-genev\/#breadcrumb\",\"itemListElement\":[{\"@type\":\"ListItem\",\"position\":1,\"name\":\"Home\",\"item\":\"https:\/\/iapd.international\/en\/\"},{\"@type\":\"ListItem\",\"position\":2,\"name\":\"The International Alliance for Peace and Development hosting Joint Mission From a number of organizations under the slogan Unite for Peace\"}]},{\"@type\":\"WebSite\",\"@id\":\"https:\/\/iapd.international\/#website\",\"url\":\"https:\/\/iapd.international\/\",\"name\":\"INTERNATIONAL ALLIANCE FOR PEACE AND DEVELOPMENT\",\"description\":\"IAPD\",\"publisher\":{\"@id\":\"https:\/\/iapd.international\/#organization\"},\"potentialAction\":[{\"@type\":\"SearchAction\",\"target\":{\"@type\":\"EntryPoint\",\"urlTemplate\":\"https:\/\/iapd.international\/?s={search_term_string}\"},\"query-input\":\"required name=search_term_string\"}],\"inLanguage\":\"fr-FR\"},{\"@type\":\"Organization\",\"@id\":\"https:\/\/iapd.international\/#organization\",\"name\":\"INTERNATIONAL ALLIANCE FOR PEACE AND DEVELOPMENT\",\"url\":\"https:\/\/iapd.international\/\",\"logo\":{\"@type\":\"ImageObject\",\"inLanguage\":\"fr-FR\",\"@id\":\"https:\/\/iapd.international\/#\/schema\/logo\/image\/\",\"url\":\"https:\/\/iapd.international\/wp-content\/uploads\/2024\/09\/150p.png\",\"contentUrl\":\"https:\/\/iapd.international\/wp-content\/uploads\/2024\/09\/150p.png\",\"width\":150,\"height\":150,\"caption\":\"INTERNATIONAL ALLIANCE FOR PEACE AND DEVELOPMENT\"},\"image\":{\"@id\":\"https:\/\/iapd.international\/#\/schema\/logo\/image\/\"},\"sameAs\":[\"https:\/\/www.facebook.com\/InternationalA.P.D\"]},{\"@type\":\"Person\",\"@id\":\"https:\/\/iapd.international\/#\/schema\/person\/d4253a5b397eb464176c90b7cc0a24f4\",\"name\":\"iapd\",\"image\":{\"@type\":\"ImageObject\",\"inLanguage\":\"fr-FR\",\"@id\":\"https:\/\/iapd.international\/#\/schema\/person\/image\/\",\"url\":\"https:\/\/secure.gravatar.com\/avatar\/513de6fb9b0c2ee0ada081a3a9c852bef1fd8a9358bcc5bc47c0db923a311880?s=96&d=mm&r=g\",\"contentUrl\":\"https:\/\/secure.gravatar.com\/avatar\/513de6fb9b0c2ee0ada081a3a9c852bef1fd8a9358bcc5bc47c0db923a311880?s=96&d=mm&r=g\",\"caption\":\"iapd\"},\"url\":\"https:\/\/iapd.international\/fr\/author\/iapd\/\"}]}<\/script>\n<!-- \/ Yoast SEO Premium plugin. -->","yoast_head_json":{"title":"The International Alliance for Peace and Development hosting Joint Mission From a number of organizations under the slogan Unite for Peace - INTERNATIONAL ALLIANCE FOR PEACE AND DEVELOPMENT","robots":{"index":"index","follow":"follow","max-snippet":"max-snippet:-1","max-image-preview":"max-image-preview:large","max-video-preview":"max-video-preview:-1"},"canonical":"https:\/\/iapd.international\/fr\/the-international-alliance-for-peace-and-development-hosting-joint-mission-from-a-number-of-organizations-under-the-slogan-unite-for-peace-the-international-alliance-for-peace-and-development-in-genev\/","og_locale":"fr_FR","og_type":"article","og_title":"The International Alliance for Peace and Development hosting Joint Mission From a number of organizations under the slogan Unite for Peace","og_description":"The International Alliance for Peace and Development hosting Joint Mission From a number of organizations under the slogan Unite for Peace The International Alliance for Peace and Development in Geneva is glad to host and participate with joint mission which consist of four organizations:\u00a0 International Alliance for Peace and Development, international Consultations Group, Maat for [&hellip;]","og_url":"https:\/\/iapd.international\/fr\/the-international-alliance-for-peace-and-development-hosting-joint-mission-from-a-number-of-organizations-under-the-slogan-unite-for-peace-the-international-alliance-for-peace-and-development-in-genev\/","og_site_name":"INTERNATIONAL ALLIANCE FOR PEACE AND DEVELOPMENT","article_publisher":"https:\/\/www.facebook.com\/InternationalA.P.D","article_published_time":"2019-06-22T20:48:23+00:00","article_modified_time":"2020-01-12T08:41:27+00:00","og_image":[{"width":1000,"height":652,"url":"https:\/\/iapd.international\/wp-content\/uploads\/2019\/06\/Logo-for-web-E.png","type":"image\/png"}],"author":"iapd","twitter_card":"summary_large_image","twitter_misc":{"\u00c9crit par":"iapd","Dur\u00e9e de lecture estim\u00e9e":"2 minutes"},"schema":{"@context":"https:\/\/schema.org","@graph":[{"@type":"Article","@id":"https:\/\/iapd.international\/the-international-alliance-for-peace-and-development-hosting-joint-mission-from-a-number-of-organizations-under-the-slogan-unite-for-peace-the-international-alliance-for-peace-and-development-in-genev\/#article","isPartOf":{"@id":"https:\/\/iapd.international\/the-international-alliance-for-peace-and-development-hosting-joint-mission-from-a-number-of-organizations-under-the-slogan-unite-for-peace-the-international-alliance-for-peace-and-development-in-genev\/"},"author":{"name":"iapd","@id":"https:\/\/iapd.international\/#\/schema\/person\/d4253a5b397eb464176c90b7cc0a24f4"},"headline":"The International Alliance for Peace and Development hosting Joint Mission From a number of organizations under the slogan Unite for Peace","datePublished":"2019-06-22T20:48:23+00:00","dateModified":"2020-01-12T08:41:27+00:00","mainEntityOfPage":{"@id":"https:\/\/iapd.international\/the-international-alliance-for-peace-and-development-hosting-joint-mission-from-a-number-of-organizations-under-the-slogan-unite-for-peace-the-international-alliance-for-peace-and-development-in-genev\/"},"wordCount":375,"commentCount":0,"publisher":{"@id":"https:\/\/iapd.international\/#organization"},"articleSection":["publications"],"inLanguage":"fr-FR"},{"@type":"WebPage","@id":"https:\/\/iapd.international\/the-international-alliance-for-peace-and-development-hosting-joint-mission-from-a-number-of-organizations-under-the-slogan-unite-for-peace-the-international-alliance-for-peace-and-development-in-genev\/","url":"https:\/\/iapd.international\/the-international-alliance-for-peace-and-development-hosting-joint-mission-from-a-number-of-organizations-under-the-slogan-unite-for-peace-the-international-alliance-for-peace-and-development-in-genev\/","name":"The International Alliance for Peace and Development hosting Joint Mission From a number of organizations under the slogan Unite for Peace - INTERNATIONAL ALLIANCE FOR PEACE AND DEVELOPMENT","isPartOf":{"@id":"https:\/\/iapd.international\/#website"},"datePublished":"2019-06-22T20:48:23+00:00","dateModified":"2020-01-12T08:41:27+00:00","breadcrumb":{"@id":"https:\/\/iapd.international\/the-international-alliance-for-peace-and-development-hosting-joint-mission-from-a-number-of-organizations-under-the-slogan-unite-for-peace-the-international-alliance-for-peace-and-development-in-genev\/#breadcrumb"},"inLanguage":"fr-FR","potentialAction":[{"@type":"ReadAction","target":["https:\/\/iapd.international\/the-international-alliance-for-peace-and-development-hosting-joint-mission-from-a-number-of-organizations-under-the-slogan-unite-for-peace-the-international-alliance-for-peace-and-development-in-genev\/"]}]},{"@type":"BreadcrumbList","@id":"https:\/\/iapd.international\/the-international-alliance-for-peace-and-development-hosting-joint-mission-from-a-number-of-organizations-under-the-slogan-unite-for-peace-the-international-alliance-for-peace-and-development-in-genev\/#breadcrumb","itemListElement":[{"@type":"ListItem","position":1,"name":"Home","item":"https:\/\/iapd.international\/en\/"},{"@type":"ListItem","position":2,"name":"The International Alliance for Peace and Development hosting Joint Mission From a number of organizations under the slogan Unite for Peace"}]},{"@type":"WebSite","@id":"https:\/\/iapd.international\/#website","url":"https:\/\/iapd.international\/","name":"INTERNATIONAL ALLIANCE FOR PEACE AND DEVELOPMENT","description":"IAPD","publisher":{"@id":"https:\/\/iapd.international\/#organization"},"potentialAction":[{"@type":"SearchAction","target":{"@type":"EntryPoint","urlTemplate":"https:\/\/iapd.international\/?s={search_term_string}"},"query-input":"required name=search_term_string"}],"inLanguage":"fr-FR"},{"@type":"Organization","@id":"https:\/\/iapd.international\/#organization","name":"INTERNATIONAL ALLIANCE FOR PEACE AND DEVELOPMENT","url":"https:\/\/iapd.international\/","logo":{"@type":"ImageObject","inLanguage":"fr-FR","@id":"https:\/\/iapd.international\/#\/schema\/logo\/image\/","url":"https:\/\/iapd.international\/wp-content\/uploads\/2024\/09\/150p.png","contentUrl":"https:\/\/iapd.international\/wp-content\/uploads\/2024\/09\/150p.png","width":150,"height":150,"caption":"INTERNATIONAL ALLIANCE FOR PEACE AND DEVELOPMENT"},"image":{"@id":"https:\/\/iapd.international\/#\/schema\/logo\/image\/"},"sameAs":["https:\/\/www.facebook.com\/InternationalA.P.D"]},{"@type":"Person","@id":"https:\/\/iapd.international\/#\/schema\/person\/d4253a5b397eb464176c90b7cc0a24f4","name":"iapd","image":{"@type":"ImageObject","inLanguage":"fr-FR","@id":"https:\/\/iapd.international\/#\/schema\/person\/image\/","url":"https:\/\/secure.gravatar.com\/avatar\/513de6fb9b0c2ee0ada081a3a9c852bef1fd8a9358bcc5bc47c0db923a311880?s=96&d=mm&r=g","contentUrl":"https:\/\/secure.gravatar.com\/avatar\/513de6fb9b0c2ee0ada081a3a9c852bef1fd8a9358bcc5bc47c0db923a311880?s=96&d=mm&r=g","caption":"iapd"},"url":"https:\/\/iapd.international\/fr\/author\/iapd\/"}]}},"_links":{"self":[{"href":"https:\/\/iapd.international\/fr\/wp-json\/wp\/v2\/posts\/457","targetHints":{"allow":["GET"]}}],"collection":[{"href":"https:\/\/iapd.international\/fr\/wp-json\/wp\/v2\/posts"}],"about":[{"href":"https:\/\/iapd.international\/fr\/wp-json\/wp\/v2\/types\/post"}],"author":[{"embeddable":true,"href":"https:\/\/iapd.international\/fr\/wp-json\/wp\/v2\/users\/1"}],"replies":[{"embeddable":true,"href":"https:\/\/iapd.international\/fr\/wp-json\/wp\/v2\/comments?post=457"}],"version-history":[{"count":0,"href":"https:\/\/iapd.international\/fr\/wp-json\/wp\/v2\/posts\/457\/revisions"}],"wp:featuredmedia":[{"embeddable":true,"href":"https:\/\/iapd.international\/fr\/wp-json\/wp\/v2\/media\/458"}],"wp:attachment":[{"href":"https:\/\/iapd.international\/fr\/wp-json\/wp\/v2\/media?parent=457"}],"wp:term":[{"taxonomy":"category","embeddable":true,"href":"https:\/\/iapd.international\/fr\/wp-json\/wp\/v2\/categories?post=457"},{"taxonomy":"post_tag","embeddable":true,"href":"https:\/\/iapd.international\/fr\/wp-json\/wp\/v2\/tags?post=457"}],"curies":[{"name":"wp","href":"https:\/\/api.w.org\/{rel}","templated":true}]}}