{"id":453,"date":"2019-06-20T16:32:29","date_gmt":"2019-06-20T16:32:29","guid":{"rendered":"https:\/\/iapd.international\/?p=453"},"modified":"2020-01-12T08:41:15","modified_gmt":"2020-01-12T08:41:15","slug":"453-2","status":"publish","type":"post","link":"https:\/\/iapd.international\/fr\/453-2\/","title":{"rendered":"L&#039;Alliance internationale pour la paix et le d\u00e9veloppement affirme que la paix est la solution au probl\u00e8me des r\u00e9fugi\u00e9s\u00a0"},"content":{"rendered":"<p style=\"text-align: center;\"><span style=\"font-size: 20px; color: #008000;\">Journ\u00e9e mondiale des r\u00e9fugi\u00e9s : L&#039;Alliance internationale pour la paix et le d\u00e9veloppement affirme que la paix est la solution au probl\u00e8me <\/span><span style=\"color: #008000; font-size: 20px;\">probl\u00e8me des r\u00e9fugi\u00e9s<\/span><span style=\"color: #008000; font-size: 20px;\">\u00a0<\/span><\/p>\n<p>A l&#039;occasion de la Journ\u00e9e mondiale des r\u00e9fugi\u00e9s, l&#039;Alliance internationale pour la paix et le d\u00e9veloppement affirme que les r\u00e9fugi\u00e9s ont besoin d&#039;une paix urgente. La c\u00e9l\u00e9bration de cette ann\u00e9e a pour devise \u00ab Avec les r\u00e9fugi\u00e9s : un pas en avant \u00bb. Aujourd&#039;hui, des millions de r\u00e9fugi\u00e9s dans le monde vivent hors de leur pays pour \u00e9chapper \u00e0 la violence et \u00e0 la pers\u00e9cution. La Journ\u00e9e des r\u00e9fugi\u00e9s semble \u00eatre l&#039;occasion de passer en revue les pr\u00e9occupations et les probl\u00e8mes des r\u00e9fugi\u00e9s dont la vie est menac\u00e9e et de mettre en lumi\u00e8re les souffrances de plus de 70 millions de femmes, d&#039;enfants et d&#039;hommes r\u00e9fugi\u00e9s et d\u00e9plac\u00e9s internes, qui ont d\u00fb fuir les guerres et les conflits, la plupart d&#039;entre eux en provenance de Syrie, d&#039;Afghanistan, du Sud-Soudan, du Myanmar, de Somalie et de Palestine.<\/p>\n<p>L&#039;Alliance internationale affirme que malgr\u00e9 le fait que les pays europ\u00e9ens accueillent un grand nombre de r\u00e9fugi\u00e9s, l&#039;Alliance internationale condamne les actions de l&#039;extr\u00eame droite en Europe contre les r\u00e9fugi\u00e9s et l&#039;adoption de politiques racistes \u00e0 leur encontre, ainsi que les discours de haine et les d\u00e9clarations racistes qui augmentent leurs souffrances et mettent leur vie en danger.<\/p>\n<p>Le 17 d\u00e9cembre 2018, l\u2019Assembl\u00e9e g\u00e9n\u00e9rale des Nations Unies a adopt\u00e9 une d\u00e9cision historique : un nouvel accord sur les r\u00e9fugi\u00e9s. Cet accord, connu sous le nom de Charte mondiale des r\u00e9fugi\u00e9s, vise \u00e0 am\u00e9liorer la r\u00e9ponse internationale aux situations de r\u00e9fugi\u00e9s nouvelles et existantes. La Charte s\u2019appuie sur le r\u00e9gime juridique international existant concernant les r\u00e9fugi\u00e9s, la Convention de 1951 relative au statut des r\u00e9fugi\u00e9s, les droits de l\u2019homme et le droit humanitaire.<\/p>\n<p>L\u2019Alliance appelle la communaut\u00e9 internationale \u00e0 assumer ses responsabilit\u00e9s pour r\u00e9duire la trag\u00e9die de l\u2019asile et du d\u00e9placement, \u00e0 mettre en \u0153uvre toutes les possibilit\u00e9s pour trouver des solutions \u00e0 cette crise, \u00e0 promouvoir une aide au d\u00e9veloppement \u00e0 long terme pour soutenir l\u2019\u00e9conomie et les plans de d\u00e9veloppement nationaux dans les pays d\u2019accueil des r\u00e9fugi\u00e9s et des personnes d\u00e9plac\u00e9es. Et \u00e0 \u00e9viter de prendre des mesures coercitives unilat\u00e9rales car elles ont des effets n\u00e9gatifs sur la situation des r\u00e9fugi\u00e9s et des personnes d\u00e9plac\u00e9es et sur la jouissance des droits de l\u2019homme, qui ont \u00e9t\u00e9 reconnus par les chartes et les lois internationales. L\u2019Alliance appelle \u00e9galement les pays europ\u00e9ens \u00e0 \u0153uvrer pour faire face aux discours de haine et d\u2019extr\u00eame droite contre les r\u00e9fugi\u00e9s afin d\u2019\u00e9viter de redoubler leurs souffrances.<\/p>","protected":false},"excerpt":{"rendered":"<p>World refugee day: The international Alliance for Peace and Development asserts that the peace is the solution of the refugee problem\u00a0 In conjunction with world refugee day international Alliance for Peace and Development asserts that urgent peace is what refugees need. This year&#8217;s celebration comes under the motto &#8220;With the refugees: a step forward\u201d. Today, [&hellip;]<\/p>","protected":false},"author":1,"featured_media":454,"comment_status":"open","ping_status":"open","sticky":false,"template":"","format":"standard","meta":{"ngg_post_thumbnail":0,"footnotes":""},"categories":[17],"tags":[],"class_list":["post-453","post","type-post","status-publish","format-standard","has-post-thumbnail","hentry","category-publications-en"],"yoast_head":"<!-- This site is optimized with the Yoast SEO Premium plugin v19.3 (Yoast SEO v20.9) - https:\/\/yoast.com\/wordpress\/plugins\/seo\/ -->\n<title>The international Alliance for Peace and Development asserts that the peace is the solution of the refugee problem\u00a0 - INTERNATIONAL ALLIANCE FOR PEACE AND DEVELOPMENT<\/title>\n<meta name=\"robots\" content=\"index, follow, max-snippet:-1, max-image-preview:large, max-video-preview:-1\" \/>\n<link rel=\"canonical\" href=\"https:\/\/iapd.international\/fr\/453-2\/\" \/>\n<meta property=\"og:locale\" content=\"fr_FR\" \/>\n<meta property=\"og:type\" content=\"article\" \/>\n<meta property=\"og:title\" content=\"The international Alliance for Peace and Development asserts that the peace is the solution of the refugee problem\u00a0\" \/>\n<meta property=\"og:description\" content=\"World refugee day: The international Alliance for Peace and Development asserts that the peace is the solution of the refugee problem\u00a0 In conjunction with world refugee day international Alliance for Peace and Development asserts that urgent peace is what refugees need. This year&#8217;s celebration comes under the motto &#8220;With the refugees: a step forward\u201d. Today, [&hellip;]\" \/>\n<meta property=\"og:url\" content=\"https:\/\/iapd.international\/fr\/453-2\/\" \/>\n<meta property=\"og:site_name\" content=\"INTERNATIONAL ALLIANCE FOR PEACE AND DEVELOPMENT\" \/>\n<meta property=\"article:publisher\" content=\"https:\/\/www.facebook.com\/InternationalA.P.D\" \/>\n<meta property=\"article:published_time\" content=\"2019-06-20T16:32:29+00:00\" \/>\n<meta property=\"article:modified_time\" content=\"2020-01-12T08:41:15+00:00\" \/>\n<meta property=\"og:image\" content=\"https:\/\/iapd.international\/wp-content\/uploads\/2019\/06\/World-Refugee-Day.jpg\" \/>\n\t<meta property=\"og:image:width\" content=\"842\" \/>\n\t<meta property=\"og:image:height\" content=\"486\" \/>\n\t<meta property=\"og:image:type\" content=\"image\/jpeg\" \/>\n<meta name=\"author\" content=\"iapd\" \/>\n<meta name=\"twitter:card\" content=\"summary_large_image\" \/>\n<meta name=\"twitter:label1\" content=\"\u00c9crit par\" \/>\n\t<meta name=\"twitter:data1\" content=\"iapd\" \/>\n\t<meta name=\"twitter:label2\" content=\"Dur\u00e9e de lecture estim\u00e9e\" \/>\n\t<meta name=\"twitter:data2\" content=\"2 minutes\" \/>\n<script type=\"application\/ld+json\" class=\"yoast-schema-graph\">{\"@context\":\"https:\/\/schema.org\",\"@graph\":[{\"@type\":\"Article\",\"@id\":\"https:\/\/iapd.international\/453-2\/#article\",\"isPartOf\":{\"@id\":\"https:\/\/iapd.international\/453-2\/\"},\"author\":{\"name\":\"iapd\",\"@id\":\"https:\/\/iapd.international\/#\/schema\/person\/d4253a5b397eb464176c90b7cc0a24f4\"},\"headline\":\"The international Alliance for Peace and Development asserts that the peace is the solution of the refugee problem\u00a0\",\"datePublished\":\"2019-06-20T16:32:29+00:00\",\"dateModified\":\"2020-01-12T08:41:15+00:00\",\"mainEntityOfPage\":{\"@id\":\"https:\/\/iapd.international\/453-2\/\"},\"wordCount\":373,\"commentCount\":0,\"publisher\":{\"@id\":\"https:\/\/iapd.international\/#organization\"},\"articleSection\":[\"publications\"],\"inLanguage\":\"fr-FR\"},{\"@type\":\"WebPage\",\"@id\":\"https:\/\/iapd.international\/453-2\/\",\"url\":\"https:\/\/iapd.international\/453-2\/\",\"name\":\"The international Alliance for Peace and Development asserts that the peace is the solution of the refugee problem\u00a0 - INTERNATIONAL ALLIANCE FOR PEACE AND DEVELOPMENT\",\"isPartOf\":{\"@id\":\"https:\/\/iapd.international\/#website\"},\"datePublished\":\"2019-06-20T16:32:29+00:00\",\"dateModified\":\"2020-01-12T08:41:15+00:00\",\"breadcrumb\":{\"@id\":\"https:\/\/iapd.international\/453-2\/#breadcrumb\"},\"inLanguage\":\"fr-FR\",\"potentialAction\":[{\"@type\":\"ReadAction\",\"target\":[\"https:\/\/iapd.international\/453-2\/\"]}]},{\"@type\":\"BreadcrumbList\",\"@id\":\"https:\/\/iapd.international\/453-2\/#breadcrumb\",\"itemListElement\":[{\"@type\":\"ListItem\",\"position\":1,\"name\":\"Home\",\"item\":\"https:\/\/iapd.international\/en\/\"},{\"@type\":\"ListItem\",\"position\":2,\"name\":\"The international Alliance for Peace and Development asserts that the peace is the solution of the refugee problem\u00a0\"}]},{\"@type\":\"WebSite\",\"@id\":\"https:\/\/iapd.international\/#website\",\"url\":\"https:\/\/iapd.international\/\",\"name\":\"INTERNATIONAL ALLIANCE FOR PEACE AND DEVELOPMENT\",\"description\":\"IAPD\",\"publisher\":{\"@id\":\"https:\/\/iapd.international\/#organization\"},\"potentialAction\":[{\"@type\":\"SearchAction\",\"target\":{\"@type\":\"EntryPoint\",\"urlTemplate\":\"https:\/\/iapd.international\/?s={search_term_string}\"},\"query-input\":\"required name=search_term_string\"}],\"inLanguage\":\"fr-FR\"},{\"@type\":\"Organization\",\"@id\":\"https:\/\/iapd.international\/#organization\",\"name\":\"INTERNATIONAL ALLIANCE FOR PEACE AND DEVELOPMENT\",\"url\":\"https:\/\/iapd.international\/\",\"logo\":{\"@type\":\"ImageObject\",\"inLanguage\":\"fr-FR\",\"@id\":\"https:\/\/iapd.international\/#\/schema\/logo\/image\/\",\"url\":\"https:\/\/iapd.international\/wp-content\/uploads\/2024\/09\/150p.png\",\"contentUrl\":\"https:\/\/iapd.international\/wp-content\/uploads\/2024\/09\/150p.png\",\"width\":150,\"height\":150,\"caption\":\"INTERNATIONAL ALLIANCE FOR PEACE AND DEVELOPMENT\"},\"image\":{\"@id\":\"https:\/\/iapd.international\/#\/schema\/logo\/image\/\"},\"sameAs\":[\"https:\/\/www.facebook.com\/InternationalA.P.D\"]},{\"@type\":\"Person\",\"@id\":\"https:\/\/iapd.international\/#\/schema\/person\/d4253a5b397eb464176c90b7cc0a24f4\",\"name\":\"iapd\",\"image\":{\"@type\":\"ImageObject\",\"inLanguage\":\"fr-FR\",\"@id\":\"https:\/\/iapd.international\/#\/schema\/person\/image\/\",\"url\":\"https:\/\/secure.gravatar.com\/avatar\/513de6fb9b0c2ee0ada081a3a9c852bef1fd8a9358bcc5bc47c0db923a311880?s=96&d=mm&r=g\",\"contentUrl\":\"https:\/\/secure.gravatar.com\/avatar\/513de6fb9b0c2ee0ada081a3a9c852bef1fd8a9358bcc5bc47c0db923a311880?s=96&d=mm&r=g\",\"caption\":\"iapd\"},\"url\":\"https:\/\/iapd.international\/fr\/author\/iapd\/\"}]}<\/script>\n<!-- \/ Yoast SEO Premium plugin. -->","yoast_head_json":{"title":"The international Alliance for Peace and Development asserts that the peace is the solution of the refugee problem\u00a0 - INTERNATIONAL ALLIANCE FOR PEACE AND DEVELOPMENT","robots":{"index":"index","follow":"follow","max-snippet":"max-snippet:-1","max-image-preview":"max-image-preview:large","max-video-preview":"max-video-preview:-1"},"canonical":"https:\/\/iapd.international\/fr\/453-2\/","og_locale":"fr_FR","og_type":"article","og_title":"The international Alliance for Peace and Development asserts that the peace is the solution of the refugee problem\u00a0","og_description":"World refugee day: The international Alliance for Peace and Development asserts that the peace is the solution of the refugee problem\u00a0 In conjunction with world refugee day international Alliance for Peace and Development asserts that urgent peace is what refugees need. This year&#8217;s celebration comes under the motto &#8220;With the refugees: a step forward\u201d. Today, [&hellip;]","og_url":"https:\/\/iapd.international\/fr\/453-2\/","og_site_name":"INTERNATIONAL ALLIANCE FOR PEACE AND DEVELOPMENT","article_publisher":"https:\/\/www.facebook.com\/InternationalA.P.D","article_published_time":"2019-06-20T16:32:29+00:00","article_modified_time":"2020-01-12T08:41:15+00:00","og_image":[{"width":842,"height":486,"url":"https:\/\/iapd.international\/wp-content\/uploads\/2019\/06\/World-Refugee-Day.jpg","type":"image\/jpeg"}],"author":"iapd","twitter_card":"summary_large_image","twitter_misc":{"\u00c9crit par":"iapd","Dur\u00e9e de lecture estim\u00e9e":"2 minutes"},"schema":{"@context":"https:\/\/schema.org","@graph":[{"@type":"Article","@id":"https:\/\/iapd.international\/453-2\/#article","isPartOf":{"@id":"https:\/\/iapd.international\/453-2\/"},"author":{"name":"iapd","@id":"https:\/\/iapd.international\/#\/schema\/person\/d4253a5b397eb464176c90b7cc0a24f4"},"headline":"The international Alliance for Peace and Development asserts that the peace is the solution of the refugee problem\u00a0","datePublished":"2019-06-20T16:32:29+00:00","dateModified":"2020-01-12T08:41:15+00:00","mainEntityOfPage":{"@id":"https:\/\/iapd.international\/453-2\/"},"wordCount":373,"commentCount":0,"publisher":{"@id":"https:\/\/iapd.international\/#organization"},"articleSection":["publications"],"inLanguage":"fr-FR"},{"@type":"WebPage","@id":"https:\/\/iapd.international\/453-2\/","url":"https:\/\/iapd.international\/453-2\/","name":"The international Alliance for Peace and Development asserts that the peace is the solution of the refugee problem\u00a0 - INTERNATIONAL ALLIANCE FOR PEACE AND DEVELOPMENT","isPartOf":{"@id":"https:\/\/iapd.international\/#website"},"datePublished":"2019-06-20T16:32:29+00:00","dateModified":"2020-01-12T08:41:15+00:00","breadcrumb":{"@id":"https:\/\/iapd.international\/453-2\/#breadcrumb"},"inLanguage":"fr-FR","potentialAction":[{"@type":"ReadAction","target":["https:\/\/iapd.international\/453-2\/"]}]},{"@type":"BreadcrumbList","@id":"https:\/\/iapd.international\/453-2\/#breadcrumb","itemListElement":[{"@type":"ListItem","position":1,"name":"Home","item":"https:\/\/iapd.international\/en\/"},{"@type":"ListItem","position":2,"name":"The international Alliance for Peace and Development asserts that the peace is the solution of the refugee problem\u00a0"}]},{"@type":"WebSite","@id":"https:\/\/iapd.international\/#website","url":"https:\/\/iapd.international\/","name":"INTERNATIONAL ALLIANCE FOR PEACE AND DEVELOPMENT","description":"IAPD","publisher":{"@id":"https:\/\/iapd.international\/#organization"},"potentialAction":[{"@type":"SearchAction","target":{"@type":"EntryPoint","urlTemplate":"https:\/\/iapd.international\/?s={search_term_string}"},"query-input":"required name=search_term_string"}],"inLanguage":"fr-FR"},{"@type":"Organization","@id":"https:\/\/iapd.international\/#organization","name":"INTERNATIONAL ALLIANCE FOR PEACE AND DEVELOPMENT","url":"https:\/\/iapd.international\/","logo":{"@type":"ImageObject","inLanguage":"fr-FR","@id":"https:\/\/iapd.international\/#\/schema\/logo\/image\/","url":"https:\/\/iapd.international\/wp-content\/uploads\/2024\/09\/150p.png","contentUrl":"https:\/\/iapd.international\/wp-content\/uploads\/2024\/09\/150p.png","width":150,"height":150,"caption":"INTERNATIONAL ALLIANCE FOR PEACE AND DEVELOPMENT"},"image":{"@id":"https:\/\/iapd.international\/#\/schema\/logo\/image\/"},"sameAs":["https:\/\/www.facebook.com\/InternationalA.P.D"]},{"@type":"Person","@id":"https:\/\/iapd.international\/#\/schema\/person\/d4253a5b397eb464176c90b7cc0a24f4","name":"iapd","image":{"@type":"ImageObject","inLanguage":"fr-FR","@id":"https:\/\/iapd.international\/#\/schema\/person\/image\/","url":"https:\/\/secure.gravatar.com\/avatar\/513de6fb9b0c2ee0ada081a3a9c852bef1fd8a9358bcc5bc47c0db923a311880?s=96&d=mm&r=g","contentUrl":"https:\/\/secure.gravatar.com\/avatar\/513de6fb9b0c2ee0ada081a3a9c852bef1fd8a9358bcc5bc47c0db923a311880?s=96&d=mm&r=g","caption":"iapd"},"url":"https:\/\/iapd.international\/fr\/author\/iapd\/"}]}},"_links":{"self":[{"href":"https:\/\/iapd.international\/fr\/wp-json\/wp\/v2\/posts\/453","targetHints":{"allow":["GET"]}}],"collection":[{"href":"https:\/\/iapd.international\/fr\/wp-json\/wp\/v2\/posts"}],"about":[{"href":"https:\/\/iapd.international\/fr\/wp-json\/wp\/v2\/types\/post"}],"author":[{"embeddable":true,"href":"https:\/\/iapd.international\/fr\/wp-json\/wp\/v2\/users\/1"}],"replies":[{"embeddable":true,"href":"https:\/\/iapd.international\/fr\/wp-json\/wp\/v2\/comments?post=453"}],"version-history":[{"count":0,"href":"https:\/\/iapd.international\/fr\/wp-json\/wp\/v2\/posts\/453\/revisions"}],"wp:featuredmedia":[{"embeddable":true,"href":"https:\/\/iapd.international\/fr\/wp-json\/wp\/v2\/media\/454"}],"wp:attachment":[{"href":"https:\/\/iapd.international\/fr\/wp-json\/wp\/v2\/media?parent=453"}],"wp:term":[{"taxonomy":"category","embeddable":true,"href":"https:\/\/iapd.international\/fr\/wp-json\/wp\/v2\/categories?post=453"},{"taxonomy":"post_tag","embeddable":true,"href":"https:\/\/iapd.international\/fr\/wp-json\/wp\/v2\/tags?post=453"}],"curies":[{"name":"wp","href":"https:\/\/api.w.org\/{rel}","templated":true}]}}