{"id":405,"date":"2019-05-21T14:00:54","date_gmt":"2019-05-21T14:00:54","guid":{"rendered":"https:\/\/iapd.international\/?p=405"},"modified":"2019-05-21T14:00:54","modified_gmt":"2019-05-21T14:00:54","slug":"international-alliance-for-peace-and-development-calls-for-cultural-diversity-for-dialogue-and-development","status":"publish","type":"post","link":"https:\/\/iapd.international\/fr\/international-alliance-for-peace-and-development-calls-for-cultural-diversity-for-dialogue-and-development\/","title":{"rendered":"L&#039;Alliance internationale pour la paix et le d\u00e9veloppement appelle \u00e0 la diversit\u00e9 culturelle pour le dialogue et le d\u00e9veloppement"},"content":{"rendered":"<h1 style=\"text-align: center;\"><span style=\"font-size: 28px;\">L&#039;Alliance internationale pour la paix et le d\u00e9veloppement appelle \u00e0 la diversit\u00e9 culturelle pour le dialogue et le d\u00e9veloppement<\/span><\/h1>\n<p>&nbsp;<\/p>\n<p style=\"text-align: justify;\"><span style=\"font-size: 20px;\">A l&#039;occasion de la Journ\u00e9e mondiale de la diversit\u00e9 culturelle pour le dialogue et le d\u00e9veloppement, l&#039;Alliance internationale pour la paix et le d\u00e9veloppement appelle \u00e0 la diversit\u00e9 culturelle dans le monde entier. L&#039;IAPD d\u00e9termine que la diversit\u00e9 culturelle est une force motrice du d\u00e9veloppement, non seulement en ce qui concerne la croissance \u00e9conomique, mais aussi comme moyen de mener une vie intellectuelle, \u00e9motionnelle, morale et spirituelle plus \u00e9panouissante.<\/span><\/p>\n<p style=\"text-align: justify;\"><span style=\"font-size: 20px;\">L&#039;AIPD consid\u00e8re \u00e9galement que l&#039;\u00e9change et le dialogue \u00e9quitables entre les civilisations, les cultures et les peuples, fond\u00e9s sur la compr\u00e9hension et le respect mutuels et sur l&#039;\u00e9gale dignit\u00e9 de toutes les cultures, constituent la condition essentielle pour construire la coh\u00e9sion sociale, la r\u00e9conciliation entre les peuples et la paix entre les nations. Placer la culture au c\u0153ur de la politique de d\u00e9veloppement constitue un investissement essentiel dans l&#039;avenir du monde et une condition pr\u00e9alable \u00e0 la r\u00e9ussite des processus de mondialisation qui prennent en compte les principes de la diversit\u00e9 culturelle. Le d\u00e9veloppement est donc indissociable de la culture.<\/span><\/p>\n<p style=\"text-align: justify;\"><span style=\"font-size: 20px;\">L&#039;objectif de cette action est de sensibiliser le public \u00e0 la n\u00e9cessit\u00e9 du dialogue interculturel, en mettant l&#039;accent sur le respect mutuel, en impliquant les leaders d&#039;opinion ainsi que le public, et de d\u00e9montrer l&#039;\u00e9change interculturel \u00e0 l&#039;aide d&#039;exemples pratiques. L&#039;objectif ultime est de promouvoir le dialogue entre les cultures, car combler le foss\u00e9 entre les cultures est tr\u00e8s important pour la stabilit\u00e9, la paix et le d\u00e9veloppement, car de nombreux conflits majeurs dans le monde ont une dimension culturelle.<\/span><\/p>\n<p style=\"text-align: justify;\"><span style=\"font-size: 20px;\">\u00c0 cet \u00e9gard, l\u2019AIPD recommande qu\u2019il soit n\u00e9cessaire de convaincre les d\u00e9cideurs politiques et les acteurs sociaux locaux, nationaux et internationaux d\u2019int\u00e9grer les principes de la diversit\u00e9 culturelle et les valeurs du pluralisme culturel dans toutes les politiques, m\u00e9canismes et pratiques publiques, notamment \u00e0 travers des partenariats public\/priv\u00e9.<\/span><\/p>\n<p style=\"text-align: justify;\"><span style=\"font-size: 20px;\">L&#039;Alliance internationale pour la paix et le d\u00e9veloppement (IAPDA) a son si\u00e8ge \u00e0 Gen\u00e8ve. Elle a pour vocation de promouvoir la paix et le d\u00e9veloppement durable dans le monde entier. Elle lutte contre la haine, la violence et l&#039;extr\u00e9misme et travaille aux c\u00f4t\u00e9s des m\u00e9canismes de l&#039;ONU et d&#039;autres institutions comp\u00e9tentes dans le monde entier.<\/span><\/p>\n<p style=\"text-align: justify;\">&nbsp;<\/p>\n<p style=\"text-align: justify;\">&nbsp;<\/p>","protected":false},"excerpt":{"rendered":"<p>International Alliance for Peace and Development calls for Cultural Diversity for Dialogue and Development &nbsp; In conjunction with the World Day for Cultural Diversity &nbsp;for dialogue and development, International Alliance for Peace and Development calls for culture diversity in all the world .IAPD determines that &nbsp;Cultural diversity is a driving force of development, not only [&hellip;]<\/p>","protected":false},"author":1,"featured_media":406,"comment_status":"open","ping_status":"open","sticky":false,"template":"","format":"standard","meta":{"ngg_post_thumbnail":0,"footnotes":""},"categories":[17],"tags":[],"class_list":["post-405","post","type-post","status-publish","format-standard","has-post-thumbnail","hentry","category-publications-en"],"yoast_head":"<!-- This site is optimized with the Yoast SEO Premium plugin v19.3 (Yoast SEO v20.9) - https:\/\/yoast.com\/wordpress\/plugins\/seo\/ -->\n<title>International Alliance for Peace and Development calls for Cultural Diversity for Dialogue and Development - INTERNATIONAL ALLIANCE FOR PEACE AND DEVELOPMENT<\/title>\n<meta name=\"robots\" content=\"index, follow, max-snippet:-1, max-image-preview:large, max-video-preview:-1\" \/>\n<link rel=\"canonical\" href=\"https:\/\/iapd.international\/fr\/international-alliance-for-peace-and-development-calls-for-cultural-diversity-for-dialogue-and-development\/\" \/>\n<meta property=\"og:locale\" content=\"fr_FR\" \/>\n<meta property=\"og:type\" content=\"article\" \/>\n<meta property=\"og:title\" content=\"International Alliance for Peace and Development calls for Cultural Diversity for Dialogue and Development\" \/>\n<meta property=\"og:description\" content=\"International Alliance for Peace and Development calls for Cultural Diversity for Dialogue and Development &nbsp; In conjunction with the World Day for Cultural Diversity &nbsp;for dialogue and development, International Alliance for Peace and Development calls for culture diversity in all the world .IAPD determines that &nbsp;Cultural diversity is a driving force of development, not only [&hellip;]\" \/>\n<meta property=\"og:url\" content=\"https:\/\/iapd.international\/fr\/international-alliance-for-peace-and-development-calls-for-cultural-diversity-for-dialogue-and-development\/\" \/>\n<meta property=\"og:site_name\" content=\"INTERNATIONAL ALLIANCE FOR PEACE AND DEVELOPMENT\" \/>\n<meta property=\"article:publisher\" content=\"https:\/\/www.facebook.com\/InternationalA.P.D\" \/>\n<meta property=\"article:published_time\" content=\"2019-05-21T14:00:54+00:00\" \/>\n<meta property=\"og:image\" content=\"https:\/\/iapd.international\/wp-content\/uploads\/2019\/05\/depositphotos_109158990-stock-illustration-world-day-for-cultural-diversity.jpg\" \/>\n\t<meta property=\"og:image:width\" content=\"1024\" \/>\n\t<meta property=\"og:image:height\" content=\"1024\" \/>\n\t<meta property=\"og:image:type\" content=\"image\/jpeg\" \/>\n<meta name=\"author\" content=\"iapd\" \/>\n<meta name=\"twitter:card\" content=\"summary_large_image\" \/>\n<meta name=\"twitter:label1\" content=\"\u00c9crit par\" \/>\n\t<meta name=\"twitter:data1\" content=\"iapd\" \/>\n\t<meta name=\"twitter:label2\" content=\"Dur\u00e9e de lecture estim\u00e9e\" \/>\n\t<meta name=\"twitter:data2\" content=\"2 minutes\" \/>\n<script type=\"application\/ld+json\" class=\"yoast-schema-graph\">{\"@context\":\"https:\/\/schema.org\",\"@graph\":[{\"@type\":\"Article\",\"@id\":\"https:\/\/iapd.international\/international-alliance-for-peace-and-development-calls-for-cultural-diversity-for-dialogue-and-development\/#article\",\"isPartOf\":{\"@id\":\"https:\/\/iapd.international\/international-alliance-for-peace-and-development-calls-for-cultural-diversity-for-dialogue-and-development\/\"},\"author\":{\"name\":\"iapd\",\"@id\":\"https:\/\/iapd.international\/#\/schema\/person\/d4253a5b397eb464176c90b7cc0a24f4\"},\"headline\":\"International Alliance for Peace and Development calls for Cultural Diversity for Dialogue and Development\",\"datePublished\":\"2019-05-21T14:00:54+00:00\",\"dateModified\":\"2019-05-21T14:00:54+00:00\",\"mainEntityOfPage\":{\"@id\":\"https:\/\/iapd.international\/international-alliance-for-peace-and-development-calls-for-cultural-diversity-for-dialogue-and-development\/\"},\"wordCount\":344,\"commentCount\":0,\"publisher\":{\"@id\":\"https:\/\/iapd.international\/#organization\"},\"articleSection\":[\"publications\"],\"inLanguage\":\"fr-FR\"},{\"@type\":\"WebPage\",\"@id\":\"https:\/\/iapd.international\/international-alliance-for-peace-and-development-calls-for-cultural-diversity-for-dialogue-and-development\/\",\"url\":\"https:\/\/iapd.international\/international-alliance-for-peace-and-development-calls-for-cultural-diversity-for-dialogue-and-development\/\",\"name\":\"International Alliance for Peace and Development calls for Cultural Diversity for Dialogue and Development - INTERNATIONAL ALLIANCE FOR PEACE AND DEVELOPMENT\",\"isPartOf\":{\"@id\":\"https:\/\/iapd.international\/#website\"},\"datePublished\":\"2019-05-21T14:00:54+00:00\",\"dateModified\":\"2019-05-21T14:00:54+00:00\",\"breadcrumb\":{\"@id\":\"https:\/\/iapd.international\/international-alliance-for-peace-and-development-calls-for-cultural-diversity-for-dialogue-and-development\/#breadcrumb\"},\"inLanguage\":\"fr-FR\",\"potentialAction\":[{\"@type\":\"ReadAction\",\"target\":[\"https:\/\/iapd.international\/international-alliance-for-peace-and-development-calls-for-cultural-diversity-for-dialogue-and-development\/\"]}]},{\"@type\":\"BreadcrumbList\",\"@id\":\"https:\/\/iapd.international\/international-alliance-for-peace-and-development-calls-for-cultural-diversity-for-dialogue-and-development\/#breadcrumb\",\"itemListElement\":[{\"@type\":\"ListItem\",\"position\":1,\"name\":\"Home\",\"item\":\"https:\/\/iapd.international\/en\/\"},{\"@type\":\"ListItem\",\"position\":2,\"name\":\"International Alliance for Peace and Development calls for Cultural Diversity for Dialogue and Development\"}]},{\"@type\":\"WebSite\",\"@id\":\"https:\/\/iapd.international\/#website\",\"url\":\"https:\/\/iapd.international\/\",\"name\":\"INTERNATIONAL ALLIANCE FOR PEACE AND DEVELOPMENT\",\"description\":\"IAPD\",\"publisher\":{\"@id\":\"https:\/\/iapd.international\/#organization\"},\"potentialAction\":[{\"@type\":\"SearchAction\",\"target\":{\"@type\":\"EntryPoint\",\"urlTemplate\":\"https:\/\/iapd.international\/?s={search_term_string}\"},\"query-input\":\"required name=search_term_string\"}],\"inLanguage\":\"fr-FR\"},{\"@type\":\"Organization\",\"@id\":\"https:\/\/iapd.international\/#organization\",\"name\":\"INTERNATIONAL ALLIANCE FOR PEACE AND DEVELOPMENT\",\"url\":\"https:\/\/iapd.international\/\",\"logo\":{\"@type\":\"ImageObject\",\"inLanguage\":\"fr-FR\",\"@id\":\"https:\/\/iapd.international\/#\/schema\/logo\/image\/\",\"url\":\"https:\/\/iapd.international\/wp-content\/uploads\/2024\/09\/150p.png\",\"contentUrl\":\"https:\/\/iapd.international\/wp-content\/uploads\/2024\/09\/150p.png\",\"width\":150,\"height\":150,\"caption\":\"INTERNATIONAL ALLIANCE FOR PEACE AND DEVELOPMENT\"},\"image\":{\"@id\":\"https:\/\/iapd.international\/#\/schema\/logo\/image\/\"},\"sameAs\":[\"https:\/\/www.facebook.com\/InternationalA.P.D\"]},{\"@type\":\"Person\",\"@id\":\"https:\/\/iapd.international\/#\/schema\/person\/d4253a5b397eb464176c90b7cc0a24f4\",\"name\":\"iapd\",\"image\":{\"@type\":\"ImageObject\",\"inLanguage\":\"fr-FR\",\"@id\":\"https:\/\/iapd.international\/#\/schema\/person\/image\/\",\"url\":\"https:\/\/secure.gravatar.com\/avatar\/513de6fb9b0c2ee0ada081a3a9c852bef1fd8a9358bcc5bc47c0db923a311880?s=96&d=mm&r=g\",\"contentUrl\":\"https:\/\/secure.gravatar.com\/avatar\/513de6fb9b0c2ee0ada081a3a9c852bef1fd8a9358bcc5bc47c0db923a311880?s=96&d=mm&r=g\",\"caption\":\"iapd\"},\"url\":\"https:\/\/iapd.international\/fr\/author\/iapd\/\"}]}<\/script>\n<!-- \/ Yoast SEO Premium plugin. -->","yoast_head_json":{"title":"International Alliance for Peace and Development calls for Cultural Diversity for Dialogue and Development - INTERNATIONAL ALLIANCE FOR PEACE AND DEVELOPMENT","robots":{"index":"index","follow":"follow","max-snippet":"max-snippet:-1","max-image-preview":"max-image-preview:large","max-video-preview":"max-video-preview:-1"},"canonical":"https:\/\/iapd.international\/fr\/international-alliance-for-peace-and-development-calls-for-cultural-diversity-for-dialogue-and-development\/","og_locale":"fr_FR","og_type":"article","og_title":"International Alliance for Peace and Development calls for Cultural Diversity for Dialogue and Development","og_description":"International Alliance for Peace and Development calls for Cultural Diversity for Dialogue and Development &nbsp; In conjunction with the World Day for Cultural Diversity &nbsp;for dialogue and development, International Alliance for Peace and Development calls for culture diversity in all the world .IAPD determines that &nbsp;Cultural diversity is a driving force of development, not only [&hellip;]","og_url":"https:\/\/iapd.international\/fr\/international-alliance-for-peace-and-development-calls-for-cultural-diversity-for-dialogue-and-development\/","og_site_name":"INTERNATIONAL ALLIANCE FOR PEACE AND DEVELOPMENT","article_publisher":"https:\/\/www.facebook.com\/InternationalA.P.D","article_published_time":"2019-05-21T14:00:54+00:00","og_image":[{"width":1024,"height":1024,"url":"https:\/\/iapd.international\/wp-content\/uploads\/2019\/05\/depositphotos_109158990-stock-illustration-world-day-for-cultural-diversity.jpg","type":"image\/jpeg"}],"author":"iapd","twitter_card":"summary_large_image","twitter_misc":{"\u00c9crit par":"iapd","Dur\u00e9e de lecture estim\u00e9e":"2 minutes"},"schema":{"@context":"https:\/\/schema.org","@graph":[{"@type":"Article","@id":"https:\/\/iapd.international\/international-alliance-for-peace-and-development-calls-for-cultural-diversity-for-dialogue-and-development\/#article","isPartOf":{"@id":"https:\/\/iapd.international\/international-alliance-for-peace-and-development-calls-for-cultural-diversity-for-dialogue-and-development\/"},"author":{"name":"iapd","@id":"https:\/\/iapd.international\/#\/schema\/person\/d4253a5b397eb464176c90b7cc0a24f4"},"headline":"International Alliance for Peace and Development calls for Cultural Diversity for Dialogue and Development","datePublished":"2019-05-21T14:00:54+00:00","dateModified":"2019-05-21T14:00:54+00:00","mainEntityOfPage":{"@id":"https:\/\/iapd.international\/international-alliance-for-peace-and-development-calls-for-cultural-diversity-for-dialogue-and-development\/"},"wordCount":344,"commentCount":0,"publisher":{"@id":"https:\/\/iapd.international\/#organization"},"articleSection":["publications"],"inLanguage":"fr-FR"},{"@type":"WebPage","@id":"https:\/\/iapd.international\/international-alliance-for-peace-and-development-calls-for-cultural-diversity-for-dialogue-and-development\/","url":"https:\/\/iapd.international\/international-alliance-for-peace-and-development-calls-for-cultural-diversity-for-dialogue-and-development\/","name":"International Alliance for Peace and Development calls for Cultural Diversity for Dialogue and Development - INTERNATIONAL ALLIANCE FOR PEACE AND DEVELOPMENT","isPartOf":{"@id":"https:\/\/iapd.international\/#website"},"datePublished":"2019-05-21T14:00:54+00:00","dateModified":"2019-05-21T14:00:54+00:00","breadcrumb":{"@id":"https:\/\/iapd.international\/international-alliance-for-peace-and-development-calls-for-cultural-diversity-for-dialogue-and-development\/#breadcrumb"},"inLanguage":"fr-FR","potentialAction":[{"@type":"ReadAction","target":["https:\/\/iapd.international\/international-alliance-for-peace-and-development-calls-for-cultural-diversity-for-dialogue-and-development\/"]}]},{"@type":"BreadcrumbList","@id":"https:\/\/iapd.international\/international-alliance-for-peace-and-development-calls-for-cultural-diversity-for-dialogue-and-development\/#breadcrumb","itemListElement":[{"@type":"ListItem","position":1,"name":"Home","item":"https:\/\/iapd.international\/en\/"},{"@type":"ListItem","position":2,"name":"International Alliance for Peace and Development calls for Cultural Diversity for Dialogue and Development"}]},{"@type":"WebSite","@id":"https:\/\/iapd.international\/#website","url":"https:\/\/iapd.international\/","name":"INTERNATIONAL ALLIANCE FOR PEACE AND DEVELOPMENT","description":"IAPD","publisher":{"@id":"https:\/\/iapd.international\/#organization"},"potentialAction":[{"@type":"SearchAction","target":{"@type":"EntryPoint","urlTemplate":"https:\/\/iapd.international\/?s={search_term_string}"},"query-input":"required name=search_term_string"}],"inLanguage":"fr-FR"},{"@type":"Organization","@id":"https:\/\/iapd.international\/#organization","name":"INTERNATIONAL ALLIANCE FOR PEACE AND DEVELOPMENT","url":"https:\/\/iapd.international\/","logo":{"@type":"ImageObject","inLanguage":"fr-FR","@id":"https:\/\/iapd.international\/#\/schema\/logo\/image\/","url":"https:\/\/iapd.international\/wp-content\/uploads\/2024\/09\/150p.png","contentUrl":"https:\/\/iapd.international\/wp-content\/uploads\/2024\/09\/150p.png","width":150,"height":150,"caption":"INTERNATIONAL ALLIANCE FOR PEACE AND DEVELOPMENT"},"image":{"@id":"https:\/\/iapd.international\/#\/schema\/logo\/image\/"},"sameAs":["https:\/\/www.facebook.com\/InternationalA.P.D"]},{"@type":"Person","@id":"https:\/\/iapd.international\/#\/schema\/person\/d4253a5b397eb464176c90b7cc0a24f4","name":"iapd","image":{"@type":"ImageObject","inLanguage":"fr-FR","@id":"https:\/\/iapd.international\/#\/schema\/person\/image\/","url":"https:\/\/secure.gravatar.com\/avatar\/513de6fb9b0c2ee0ada081a3a9c852bef1fd8a9358bcc5bc47c0db923a311880?s=96&d=mm&r=g","contentUrl":"https:\/\/secure.gravatar.com\/avatar\/513de6fb9b0c2ee0ada081a3a9c852bef1fd8a9358bcc5bc47c0db923a311880?s=96&d=mm&r=g","caption":"iapd"},"url":"https:\/\/iapd.international\/fr\/author\/iapd\/"}]}},"_links":{"self":[{"href":"https:\/\/iapd.international\/fr\/wp-json\/wp\/v2\/posts\/405","targetHints":{"allow":["GET"]}}],"collection":[{"href":"https:\/\/iapd.international\/fr\/wp-json\/wp\/v2\/posts"}],"about":[{"href":"https:\/\/iapd.international\/fr\/wp-json\/wp\/v2\/types\/post"}],"author":[{"embeddable":true,"href":"https:\/\/iapd.international\/fr\/wp-json\/wp\/v2\/users\/1"}],"replies":[{"embeddable":true,"href":"https:\/\/iapd.international\/fr\/wp-json\/wp\/v2\/comments?post=405"}],"version-history":[{"count":0,"href":"https:\/\/iapd.international\/fr\/wp-json\/wp\/v2\/posts\/405\/revisions"}],"wp:featuredmedia":[{"embeddable":true,"href":"https:\/\/iapd.international\/fr\/wp-json\/wp\/v2\/media\/406"}],"wp:attachment":[{"href":"https:\/\/iapd.international\/fr\/wp-json\/wp\/v2\/media?parent=405"}],"wp:term":[{"taxonomy":"category","embeddable":true,"href":"https:\/\/iapd.international\/fr\/wp-json\/wp\/v2\/categories?post=405"},{"taxonomy":"post_tag","embeddable":true,"href":"https:\/\/iapd.international\/fr\/wp-json\/wp\/v2\/tags?post=405"}],"curies":[{"name":"wp","href":"https:\/\/api.w.org\/{rel}","templated":true}]}}