{"id":396,"date":"2019-05-10T16:18:14","date_gmt":"2019-05-10T16:18:14","guid":{"rendered":"https:\/\/iapd.international\/?p=396"},"modified":"2019-05-10T18:30:08","modified_gmt":"2019-05-10T18:30:08","slug":"the-international-alliance-for-peace-and-development-publishes-an-analytical-report-for-april-on-extreme-right-wing-movements-in-europe","status":"publish","type":"post","link":"https:\/\/iapd.international\/fr\/the-international-alliance-for-peace-and-development-publishes-an-analytical-report-for-april-on-extreme-right-wing-movements-in-europe\/","title":{"rendered":"L&#039;Alliance internationale pour la paix et le d\u00e9veloppement publie un rapport analytique pour le mois d&#039;avril sur les mouvements d&#039;extr\u00eame droite en Europe"},"content":{"rendered":"<p style=\"text-align: justify;\">L&#039;Unit\u00e9 d&#039;observation de l&#039;Alliance internationale pour la paix et le d\u00e9veloppement a publi\u00e9 son rapport mensuel sur les mouvements d&#039;extr\u00eame droite en Europe au cours du mois d&#039;avril.<\/p>\n<p style=\"text-align: justify;\">D&#039;apr\u00e8s ce qui a \u00e9t\u00e9 observ\u00e9, la Finlande est le pays qui accorde le moins de repr\u00e9sentation \u00e0 l&#039;extr\u00eame droite dans ses institutions et cela pourrait \u00eatre attribu\u00e9 au fait que seulement 6,61 millions de personnes de la population finlandaise (5,5 millions) sont n\u00e9es \u00e0 l&#039;\u00e9tranger.<\/p>\n<p style=\"text-align: justify;\">La question de l\u2019immigration s\u2019est impos\u00e9e comme l\u2019un des principaux enjeux des campagnes \u00e9lectorales de nombreux pays<\/p>\n<p style=\"text-align: justify;\">En Italie, le leader de la Ligue du Nord, Matteo Salveni, a r\u00e9ussi \u00e0 s&#039;imposer sur la sc\u00e8ne politique apr\u00e8s la mont\u00e9e du mouvement de cette alliance jusqu&#039;\u00e0 80% ce mois-ci.<\/p>\n<p style=\"text-align: justify;\">En France, les mouvements d&#039;extr\u00eame droite ont commenc\u00e9 \u00e0 adresser des discours contre le pr\u00e9sident fran\u00e7ais Macaron sur la question de l&#039;immigration. En Europe, des mouvements forts de partis d&#039;extr\u00eame droite ont \u00e9t\u00e9 observ\u00e9s en avril, parall\u00e8lement aux \u00e9lections europ\u00e9ennes.<\/p>\n<p style=\"text-align: justify;\">L&#039;Alliance internationale pour la paix et le d\u00e9veloppement pr\u00e9dit que, compte tenu de la situation g\u00e9n\u00e9rale en Europe, l&#039;extr\u00eame droite aura une apparition plus forte en mai, bien que le Royaume-Uni et l&#039;Allemagne prennent la direction oppos\u00e9e \u00e0 l&#039;extr\u00eame droite, mais l&#039;alliance des forces changera les \u00e9v\u00e9nements en Europe le mois prochain.<\/p>\n<p style=\"text-align: justify;\">La coalition condamne donc les discours de haine de l\u2019extr\u00eame droite dans certains pays europ\u00e9ens que l\u2019Alliance consid\u00e8re comme des pratiques sectaires fond\u00e9es sur la religion ou la race, condamn\u00e9es par toutes les conventions et normes internationales et par les principes d\u2019humanit\u00e9 et de bonne gouvernance.<\/p>\n<p style=\"text-align: justify;\">Nous recommandons donc que des mesures soient prises pour mettre un frein \u00e0 tous les discours de haine \u00e0 l\u2019encontre des migrants.<\/p>\n<p>&nbsp;<\/p>\n<p><a title=\"rapport d&#039;avril sur les mouvements d&#039;extr\u00eame droite en Europe\" href=\"https:\/\/iapd.international\/wp-content\/uploads\/2019\/05\/report-of-far-right.pdf\" rel=\"nofollow noreferrer\"><img decoding=\"async\" class=\"size-medium wp-image-402 aligncenter\" src=\"https:\/\/iapd.international\/wp-content\/uploads\/2019\/05\/Download_Button-300x150.png\" alt=\"\" width=\"300\" height=\"150\" srcset=\"https:\/\/iapd.international\/wp-content\/uploads\/2019\/05\/Download_Button-300x150.png 300w, https:\/\/iapd.international\/wp-content\/uploads\/2019\/05\/Download_Button-768x384.png 768w, https:\/\/iapd.international\/wp-content\/uploads\/2019\/05\/Download_Button.png 960w\" sizes=\"(max-width: 300px) 100vw, 300px\" \/><img fetchpriority=\"high\" decoding=\"async\" class=\"wp-image-397 aligncenter\" src=\"https:\/\/iapd.international\/wp-content\/uploads\/2019\/05\/i-213x300.jpg\" alt=\"\" width=\"439\" height=\"618\" srcset=\"https:\/\/iapd.international\/wp-content\/uploads\/2019\/05\/i-213x300.jpg 213w, https:\/\/iapd.international\/wp-content\/uploads\/2019\/05\/i-768x1080.jpg 768w, https:\/\/iapd.international\/wp-content\/uploads\/2019\/05\/i-728x1024.jpg 728w, https:\/\/iapd.international\/wp-content\/uploads\/2019\/05\/i.jpg 910w\" sizes=\"(max-width: 439px) 100vw, 439px\" \/><\/a><\/p>\n<a href=\"https:\/\/iapd.international\/wp-content\/uploads\/2019\/05\/report-of-far-right.pdf\" class=\"pdfemb-viewer\" style=\"\" data-width=\"max\" data-height=\"max\"  data-toolbar=\"bottom\" data-toolbar-fixed=\"off\">rapport d&#039;extr\u00eame droite<br\/><\/a>","protected":false},"excerpt":{"rendered":"<p>The Observatory Unit of the International Alliance for Peace and Development issued its monthly report on extreme right-wing movements in Europe during April. according to what has been observed, Finland is the least country that grants representation to the far- right in its institutions and that could be traced to the fact that only 6.6% [&hellip;]<\/p>","protected":false},"author":1,"featured_media":397,"comment_status":"open","ping_status":"open","sticky":false,"template":"","format":"standard","meta":{"ngg_post_thumbnail":0,"footnotes":""},"categories":[17],"tags":[],"class_list":["post-396","post","type-post","status-publish","format-standard","has-post-thumbnail","hentry","category-publications-en"],"yoast_head":"<!-- This site is optimized with the Yoast SEO Premium plugin v19.3 (Yoast SEO v20.9) - https:\/\/yoast.com\/wordpress\/plugins\/seo\/ -->\n<title>The International Alliance for Peace and Development publishes an analytical report for April on extreme right-wing movements in Europe - INTERNATIONAL ALLIANCE FOR PEACE AND DEVELOPMENT<\/title>\n<meta name=\"robots\" content=\"index, follow, max-snippet:-1, max-image-preview:large, max-video-preview:-1\" \/>\n<link rel=\"canonical\" href=\"https:\/\/iapd.international\/fr\/the-international-alliance-for-peace-and-development-publishes-an-analytical-report-for-april-on-extreme-right-wing-movements-in-europe\/\" \/>\n<meta property=\"og:locale\" content=\"fr_FR\" \/>\n<meta property=\"og:type\" content=\"article\" \/>\n<meta property=\"og:title\" content=\"The International Alliance for Peace and Development publishes an analytical report for April on extreme right-wing movements in Europe\" \/>\n<meta property=\"og:description\" content=\"The Observatory Unit of the International Alliance for Peace and Development issued its monthly report on extreme right-wing movements in Europe during April. according to what has been observed, Finland is the least country that grants representation to the far- right in its institutions and that could be traced to the fact that only 6.6% [&hellip;]\" \/>\n<meta property=\"og:url\" content=\"https:\/\/iapd.international\/fr\/the-international-alliance-for-peace-and-development-publishes-an-analytical-report-for-april-on-extreme-right-wing-movements-in-europe\/\" \/>\n<meta property=\"og:site_name\" content=\"INTERNATIONAL ALLIANCE FOR PEACE AND DEVELOPMENT\" \/>\n<meta property=\"article:publisher\" content=\"https:\/\/www.facebook.com\/InternationalA.P.D\" \/>\n<meta property=\"article:published_time\" content=\"2019-05-10T16:18:14+00:00\" \/>\n<meta property=\"article:modified_time\" content=\"2019-05-10T18:30:08+00:00\" \/>\n<meta property=\"og:image\" content=\"https:\/\/iapd.international\/wp-content\/uploads\/2019\/05\/i.jpg\" \/>\n\t<meta property=\"og:image:width\" content=\"910\" \/>\n\t<meta property=\"og:image:height\" content=\"1280\" \/>\n\t<meta property=\"og:image:type\" content=\"image\/jpeg\" \/>\n<meta name=\"author\" content=\"iapd\" \/>\n<meta name=\"twitter:card\" content=\"summary_large_image\" \/>\n<meta name=\"twitter:label1\" content=\"\u00c9crit par\" \/>\n\t<meta name=\"twitter:data1\" content=\"iapd\" \/>\n\t<meta name=\"twitter:label2\" content=\"Dur\u00e9e de lecture estim\u00e9e\" \/>\n\t<meta name=\"twitter:data2\" content=\"1 minute\" \/>\n<script type=\"application\/ld+json\" class=\"yoast-schema-graph\">{\"@context\":\"https:\/\/schema.org\",\"@graph\":[{\"@type\":\"Article\",\"@id\":\"https:\/\/iapd.international\/the-international-alliance-for-peace-and-development-publishes-an-analytical-report-for-april-on-extreme-right-wing-movements-in-europe\/#article\",\"isPartOf\":{\"@id\":\"https:\/\/iapd.international\/the-international-alliance-for-peace-and-development-publishes-an-analytical-report-for-april-on-extreme-right-wing-movements-in-europe\/\"},\"author\":{\"name\":\"iapd\",\"@id\":\"https:\/\/iapd.international\/#\/schema\/person\/d4253a5b397eb464176c90b7cc0a24f4\"},\"headline\":\"The International Alliance for Peace and Development publishes an analytical report for April on extreme right-wing movements in Europe\",\"datePublished\":\"2019-05-10T16:18:14+00:00\",\"dateModified\":\"2019-05-10T18:30:08+00:00\",\"mainEntityOfPage\":{\"@id\":\"https:\/\/iapd.international\/the-international-alliance-for-peace-and-development-publishes-an-analytical-report-for-april-on-extreme-right-wing-movements-in-europe\/\"},\"wordCount\":288,\"commentCount\":0,\"publisher\":{\"@id\":\"https:\/\/iapd.international\/#organization\"},\"articleSection\":[\"publications\"],\"inLanguage\":\"fr-FR\"},{\"@type\":\"WebPage\",\"@id\":\"https:\/\/iapd.international\/the-international-alliance-for-peace-and-development-publishes-an-analytical-report-for-april-on-extreme-right-wing-movements-in-europe\/\",\"url\":\"https:\/\/iapd.international\/the-international-alliance-for-peace-and-development-publishes-an-analytical-report-for-april-on-extreme-right-wing-movements-in-europe\/\",\"name\":\"The International Alliance for Peace and Development publishes an analytical report for April on extreme right-wing movements in Europe - INTERNATIONAL ALLIANCE FOR PEACE AND DEVELOPMENT\",\"isPartOf\":{\"@id\":\"https:\/\/iapd.international\/#website\"},\"datePublished\":\"2019-05-10T16:18:14+00:00\",\"dateModified\":\"2019-05-10T18:30:08+00:00\",\"breadcrumb\":{\"@id\":\"https:\/\/iapd.international\/the-international-alliance-for-peace-and-development-publishes-an-analytical-report-for-april-on-extreme-right-wing-movements-in-europe\/#breadcrumb\"},\"inLanguage\":\"fr-FR\",\"potentialAction\":[{\"@type\":\"ReadAction\",\"target\":[\"https:\/\/iapd.international\/the-international-alliance-for-peace-and-development-publishes-an-analytical-report-for-april-on-extreme-right-wing-movements-in-europe\/\"]}]},{\"@type\":\"BreadcrumbList\",\"@id\":\"https:\/\/iapd.international\/the-international-alliance-for-peace-and-development-publishes-an-analytical-report-for-april-on-extreme-right-wing-movements-in-europe\/#breadcrumb\",\"itemListElement\":[{\"@type\":\"ListItem\",\"position\":1,\"name\":\"Home\",\"item\":\"https:\/\/iapd.international\/en\/\"},{\"@type\":\"ListItem\",\"position\":2,\"name\":\"The International Alliance for Peace and Development publishes an analytical report for April on extreme right-wing movements in Europe\"}]},{\"@type\":\"WebSite\",\"@id\":\"https:\/\/iapd.international\/#website\",\"url\":\"https:\/\/iapd.international\/\",\"name\":\"INTERNATIONAL ALLIANCE FOR PEACE AND DEVELOPMENT\",\"description\":\"IAPD\",\"publisher\":{\"@id\":\"https:\/\/iapd.international\/#organization\"},\"potentialAction\":[{\"@type\":\"SearchAction\",\"target\":{\"@type\":\"EntryPoint\",\"urlTemplate\":\"https:\/\/iapd.international\/?s={search_term_string}\"},\"query-input\":\"required name=search_term_string\"}],\"inLanguage\":\"fr-FR\"},{\"@type\":\"Organization\",\"@id\":\"https:\/\/iapd.international\/#organization\",\"name\":\"INTERNATIONAL ALLIANCE FOR PEACE AND DEVELOPMENT\",\"url\":\"https:\/\/iapd.international\/\",\"logo\":{\"@type\":\"ImageObject\",\"inLanguage\":\"fr-FR\",\"@id\":\"https:\/\/iapd.international\/#\/schema\/logo\/image\/\",\"url\":\"https:\/\/iapd.international\/wp-content\/uploads\/2024\/09\/150p.png\",\"contentUrl\":\"https:\/\/iapd.international\/wp-content\/uploads\/2024\/09\/150p.png\",\"width\":150,\"height\":150,\"caption\":\"INTERNATIONAL ALLIANCE FOR PEACE AND DEVELOPMENT\"},\"image\":{\"@id\":\"https:\/\/iapd.international\/#\/schema\/logo\/image\/\"},\"sameAs\":[\"https:\/\/www.facebook.com\/InternationalA.P.D\"]},{\"@type\":\"Person\",\"@id\":\"https:\/\/iapd.international\/#\/schema\/person\/d4253a5b397eb464176c90b7cc0a24f4\",\"name\":\"iapd\",\"image\":{\"@type\":\"ImageObject\",\"inLanguage\":\"fr-FR\",\"@id\":\"https:\/\/iapd.international\/#\/schema\/person\/image\/\",\"url\":\"https:\/\/secure.gravatar.com\/avatar\/513de6fb9b0c2ee0ada081a3a9c852bef1fd8a9358bcc5bc47c0db923a311880?s=96&d=mm&r=g\",\"contentUrl\":\"https:\/\/secure.gravatar.com\/avatar\/513de6fb9b0c2ee0ada081a3a9c852bef1fd8a9358bcc5bc47c0db923a311880?s=96&d=mm&r=g\",\"caption\":\"iapd\"},\"url\":\"https:\/\/iapd.international\/fr\/author\/iapd\/\"}]}<\/script>\n<!-- \/ Yoast SEO Premium plugin. -->","yoast_head_json":{"title":"The International Alliance for Peace and Development publishes an analytical report for April on extreme right-wing movements in Europe - INTERNATIONAL ALLIANCE FOR PEACE AND DEVELOPMENT","robots":{"index":"index","follow":"follow","max-snippet":"max-snippet:-1","max-image-preview":"max-image-preview:large","max-video-preview":"max-video-preview:-1"},"canonical":"https:\/\/iapd.international\/fr\/the-international-alliance-for-peace-and-development-publishes-an-analytical-report-for-april-on-extreme-right-wing-movements-in-europe\/","og_locale":"fr_FR","og_type":"article","og_title":"The International Alliance for Peace and Development publishes an analytical report for April on extreme right-wing movements in Europe","og_description":"The Observatory Unit of the International Alliance for Peace and Development issued its monthly report on extreme right-wing movements in Europe during April. according to what has been observed, Finland is the least country that grants representation to the far- right in its institutions and that could be traced to the fact that only 6.6% [&hellip;]","og_url":"https:\/\/iapd.international\/fr\/the-international-alliance-for-peace-and-development-publishes-an-analytical-report-for-april-on-extreme-right-wing-movements-in-europe\/","og_site_name":"INTERNATIONAL ALLIANCE FOR PEACE AND DEVELOPMENT","article_publisher":"https:\/\/www.facebook.com\/InternationalA.P.D","article_published_time":"2019-05-10T16:18:14+00:00","article_modified_time":"2019-05-10T18:30:08+00:00","og_image":[{"width":910,"height":1280,"url":"https:\/\/iapd.international\/wp-content\/uploads\/2019\/05\/i.jpg","type":"image\/jpeg"}],"author":"iapd","twitter_card":"summary_large_image","twitter_misc":{"\u00c9crit par":"iapd","Dur\u00e9e de lecture estim\u00e9e":"1 minute"},"schema":{"@context":"https:\/\/schema.org","@graph":[{"@type":"Article","@id":"https:\/\/iapd.international\/the-international-alliance-for-peace-and-development-publishes-an-analytical-report-for-april-on-extreme-right-wing-movements-in-europe\/#article","isPartOf":{"@id":"https:\/\/iapd.international\/the-international-alliance-for-peace-and-development-publishes-an-analytical-report-for-april-on-extreme-right-wing-movements-in-europe\/"},"author":{"name":"iapd","@id":"https:\/\/iapd.international\/#\/schema\/person\/d4253a5b397eb464176c90b7cc0a24f4"},"headline":"The International Alliance for Peace and Development publishes an analytical report for April on extreme right-wing movements in Europe","datePublished":"2019-05-10T16:18:14+00:00","dateModified":"2019-05-10T18:30:08+00:00","mainEntityOfPage":{"@id":"https:\/\/iapd.international\/the-international-alliance-for-peace-and-development-publishes-an-analytical-report-for-april-on-extreme-right-wing-movements-in-europe\/"},"wordCount":288,"commentCount":0,"publisher":{"@id":"https:\/\/iapd.international\/#organization"},"articleSection":["publications"],"inLanguage":"fr-FR"},{"@type":"WebPage","@id":"https:\/\/iapd.international\/the-international-alliance-for-peace-and-development-publishes-an-analytical-report-for-april-on-extreme-right-wing-movements-in-europe\/","url":"https:\/\/iapd.international\/the-international-alliance-for-peace-and-development-publishes-an-analytical-report-for-april-on-extreme-right-wing-movements-in-europe\/","name":"The International Alliance for Peace and Development publishes an analytical report for April on extreme right-wing movements in Europe - INTERNATIONAL ALLIANCE FOR PEACE AND DEVELOPMENT","isPartOf":{"@id":"https:\/\/iapd.international\/#website"},"datePublished":"2019-05-10T16:18:14+00:00","dateModified":"2019-05-10T18:30:08+00:00","breadcrumb":{"@id":"https:\/\/iapd.international\/the-international-alliance-for-peace-and-development-publishes-an-analytical-report-for-april-on-extreme-right-wing-movements-in-europe\/#breadcrumb"},"inLanguage":"fr-FR","potentialAction":[{"@type":"ReadAction","target":["https:\/\/iapd.international\/the-international-alliance-for-peace-and-development-publishes-an-analytical-report-for-april-on-extreme-right-wing-movements-in-europe\/"]}]},{"@type":"BreadcrumbList","@id":"https:\/\/iapd.international\/the-international-alliance-for-peace-and-development-publishes-an-analytical-report-for-april-on-extreme-right-wing-movements-in-europe\/#breadcrumb","itemListElement":[{"@type":"ListItem","position":1,"name":"Home","item":"https:\/\/iapd.international\/en\/"},{"@type":"ListItem","position":2,"name":"The International Alliance for Peace and Development publishes an analytical report for April on extreme right-wing movements in Europe"}]},{"@type":"WebSite","@id":"https:\/\/iapd.international\/#website","url":"https:\/\/iapd.international\/","name":"INTERNATIONAL ALLIANCE FOR PEACE AND DEVELOPMENT","description":"IAPD","publisher":{"@id":"https:\/\/iapd.international\/#organization"},"potentialAction":[{"@type":"SearchAction","target":{"@type":"EntryPoint","urlTemplate":"https:\/\/iapd.international\/?s={search_term_string}"},"query-input":"required name=search_term_string"}],"inLanguage":"fr-FR"},{"@type":"Organization","@id":"https:\/\/iapd.international\/#organization","name":"INTERNATIONAL ALLIANCE FOR PEACE AND DEVELOPMENT","url":"https:\/\/iapd.international\/","logo":{"@type":"ImageObject","inLanguage":"fr-FR","@id":"https:\/\/iapd.international\/#\/schema\/logo\/image\/","url":"https:\/\/iapd.international\/wp-content\/uploads\/2024\/09\/150p.png","contentUrl":"https:\/\/iapd.international\/wp-content\/uploads\/2024\/09\/150p.png","width":150,"height":150,"caption":"INTERNATIONAL ALLIANCE FOR PEACE AND DEVELOPMENT"},"image":{"@id":"https:\/\/iapd.international\/#\/schema\/logo\/image\/"},"sameAs":["https:\/\/www.facebook.com\/InternationalA.P.D"]},{"@type":"Person","@id":"https:\/\/iapd.international\/#\/schema\/person\/d4253a5b397eb464176c90b7cc0a24f4","name":"iapd","image":{"@type":"ImageObject","inLanguage":"fr-FR","@id":"https:\/\/iapd.international\/#\/schema\/person\/image\/","url":"https:\/\/secure.gravatar.com\/avatar\/513de6fb9b0c2ee0ada081a3a9c852bef1fd8a9358bcc5bc47c0db923a311880?s=96&d=mm&r=g","contentUrl":"https:\/\/secure.gravatar.com\/avatar\/513de6fb9b0c2ee0ada081a3a9c852bef1fd8a9358bcc5bc47c0db923a311880?s=96&d=mm&r=g","caption":"iapd"},"url":"https:\/\/iapd.international\/fr\/author\/iapd\/"}]}},"_links":{"self":[{"href":"https:\/\/iapd.international\/fr\/wp-json\/wp\/v2\/posts\/396","targetHints":{"allow":["GET"]}}],"collection":[{"href":"https:\/\/iapd.international\/fr\/wp-json\/wp\/v2\/posts"}],"about":[{"href":"https:\/\/iapd.international\/fr\/wp-json\/wp\/v2\/types\/post"}],"author":[{"embeddable":true,"href":"https:\/\/iapd.international\/fr\/wp-json\/wp\/v2\/users\/1"}],"replies":[{"embeddable":true,"href":"https:\/\/iapd.international\/fr\/wp-json\/wp\/v2\/comments?post=396"}],"version-history":[{"count":0,"href":"https:\/\/iapd.international\/fr\/wp-json\/wp\/v2\/posts\/396\/revisions"}],"wp:featuredmedia":[{"embeddable":true,"href":"https:\/\/iapd.international\/fr\/wp-json\/wp\/v2\/media\/397"}],"wp:attachment":[{"href":"https:\/\/iapd.international\/fr\/wp-json\/wp\/v2\/media?parent=396"}],"wp:term":[{"taxonomy":"category","embeddable":true,"href":"https:\/\/iapd.international\/fr\/wp-json\/wp\/v2\/categories?post=396"},{"taxonomy":"post_tag","embeddable":true,"href":"https:\/\/iapd.international\/fr\/wp-json\/wp\/v2\/tags?post=396"}],"curies":[{"name":"wp","href":"https:\/\/api.w.org\/{rel}","templated":true}]}}