{"id":391,"date":"2019-05-09T12:57:32","date_gmt":"2019-05-09T12:57:32","guid":{"rendered":"https:\/\/iapd.international\/?p=391"},"modified":"2019-05-09T12:57:32","modified_gmt":"2019-05-09T12:57:32","slug":"international-alliance-for-peace-and-development-condemns-the-terror-blast-on-the-shrine-of-sufi-in-pakistan","status":"publish","type":"post","link":"https:\/\/iapd.international\/fr\/international-alliance-for-peace-and-development-condemns-the-terror-blast-on-the-shrine-of-sufi-in-pakistan\/","title":{"rendered":"L&#039;Alliance internationale pour la paix et le d\u00e9veloppement condamne l&#039;attentat terroriste contre le sanctuaire d&#039;un soufi au Pakistan"},"content":{"rendered":"<p><strong>L&#039;Alliance internationale pour la paix et le d\u00e9veloppement condamne la<\/strong><strong> explosion terroriste <\/strong><strong>sur le sanctuaire soufi au Pakistan<\/strong><\/p>\n<p>L&#039;Alliance internationale pour la paix et le d\u00e9veloppement condamne l&#039;attentat terroriste contre le sanctuaire soufi de Lahore, capitale de la province pakistanaise du Pendjab. La coalition exprime sa consternation \u00e0 la nouvelle du meurtre et des blessures de nombreuses personnes lors d&#039;une attaque terroriste visant un groupe de forces de s\u00e9curit\u00e9 gardant l&#039;entr\u00e9e du sanctuaire soufi de Lahore, survenue hier, le 9 mai 2019. On sait que le sanctuaire est le plus grand sanctuaire soufi d&#039;Asie du Sud.<\/p>\n<p><img fetchpriority=\"high\" decoding=\"async\" class=\"alignnone size-full wp-image-392\" src=\"https:\/\/iapd.international\/wp-content\/uploads\/2019\/05\/pk16069pr-Bomb-Blast-at-Noorani.jpg\" alt=\"\" width=\"700\" height=\"394\" srcset=\"https:\/\/iapd.international\/wp-content\/uploads\/2019\/05\/pk16069pr-Bomb-Blast-at-Noorani.jpg 700w, https:\/\/iapd.international\/wp-content\/uploads\/2019\/05\/pk16069pr-Bomb-Blast-at-Noorani-300x169.jpg 300w\" sizes=\"(max-width: 700px) 100vw, 700px\" \/><\/p>\n<p>&nbsp;L&#039;IAPD condamne fermement cet acte terroriste odieux qui a eu lieu dans un lieu religieux, qui a annonc\u00e9 la responsabilit\u00e9 de cette attaque par l&#039;organisation \u00ab Parti des Lib\u00e9raux \u00bb des \u00ab Taliban Pakistan \u00bb, et l&#039;IAPD consid\u00e8re cette attaque terroriste comme un crime contre l&#039;humanit\u00e9.<\/p>\n<p>L&#039;IAPD condamne tous les actes de terrorisme. L&#039;IAPD appelle \u00e0 renoncer \u00e0 tous les actes de violence et de terrorisme et appelle \u00e0 la n\u00e9cessit\u00e9 de faire face \u00e0 de telles attaques terroristes en diffusant une culture de paix et de tol\u00e9rance parmi toute l&#039;humanit\u00e9 et recommande \u00e0 toutes les communaut\u00e9s de diffuser la culture de la non-violence et de promouvoir la paix. &nbsp;<\/p>","protected":false},"excerpt":{"rendered":"<p>L&#039;Alliance internationale pour la paix et le d\u00e9veloppement condamne l&#039;attentat terroriste perp\u00e9tr\u00e9 contre le sanctuaire d&#039;un soufi \u00e0 Lahore, capitale de la province du Pendjab au Pakistan. La coalition exprime sa consternation face \u00e0 l&#039;annonce des nombreux morts et bless\u00e9s.<\/p>","protected":false},"author":1,"featured_media":392,"comment_status":"open","ping_status":"open","sticky":false,"template":"","format":"standard","meta":{"ngg_post_thumbnail":0,"footnotes":""},"categories":[17],"tags":[],"class_list":["post-391","post","type-post","status-publish","format-standard","has-post-thumbnail","hentry","category-publications-en"],"yoast_head":"<!-- This site is optimized with the Yoast SEO Premium plugin v19.3 (Yoast SEO v20.9) - https:\/\/yoast.com\/wordpress\/plugins\/seo\/ -->\n<title>International Alliance for Peace and Development condemns the terror blast on the shrine of Sufi in Pakistan - INTERNATIONAL ALLIANCE FOR PEACE AND DEVELOPMENT<\/title>\n<meta name=\"robots\" content=\"index, follow, max-snippet:-1, max-image-preview:large, max-video-preview:-1\" \/>\n<link rel=\"canonical\" href=\"https:\/\/iapd.international\/fr\/international-alliance-for-peace-and-development-condemns-the-terror-blast-on-the-shrine-of-sufi-in-pakistan\/\" \/>\n<meta property=\"og:locale\" content=\"fr_FR\" \/>\n<meta property=\"og:type\" content=\"article\" \/>\n<meta property=\"og:title\" content=\"International Alliance for Peace and Development condemns the terror blast on the shrine of Sufi in Pakistan\" \/>\n<meta property=\"og:description\" content=\"International Alliance for Peace and Development condemns the terror blast on the shrine of Sufi in Pakistan International Alliance for Peace and development condemns the terror blast on the shrine of Sufi in Lahore, the capital of Pakistan&#8217;s Punjab province. The coalition expresses its dismay at the news of the killing and wounding of many [&hellip;]\" \/>\n<meta property=\"og:url\" content=\"https:\/\/iapd.international\/fr\/international-alliance-for-peace-and-development-condemns-the-terror-blast-on-the-shrine-of-sufi-in-pakistan\/\" \/>\n<meta property=\"og:site_name\" content=\"INTERNATIONAL ALLIANCE FOR PEACE AND DEVELOPMENT\" \/>\n<meta property=\"article:publisher\" content=\"https:\/\/www.facebook.com\/InternationalA.P.D\" \/>\n<meta property=\"article:published_time\" content=\"2019-05-09T12:57:32+00:00\" \/>\n<meta property=\"og:image\" content=\"https:\/\/iapd.international\/wp-content\/uploads\/2019\/05\/pk16069pr-Bomb-Blast-at-Noorani.jpg\" \/>\n\t<meta property=\"og:image:width\" content=\"700\" \/>\n\t<meta property=\"og:image:height\" content=\"394\" \/>\n\t<meta property=\"og:image:type\" content=\"image\/jpeg\" \/>\n<meta name=\"author\" content=\"iapd\" \/>\n<meta name=\"twitter:card\" content=\"summary_large_image\" \/>\n<meta name=\"twitter:label1\" content=\"\u00c9crit par\" \/>\n\t<meta name=\"twitter:data1\" content=\"iapd\" \/>\n\t<meta name=\"twitter:label2\" content=\"Dur\u00e9e de lecture estim\u00e9e\" \/>\n\t<meta name=\"twitter:data2\" content=\"1 minute\" \/>\n<script type=\"application\/ld+json\" class=\"yoast-schema-graph\">{\"@context\":\"https:\/\/schema.org\",\"@graph\":[{\"@type\":\"Article\",\"@id\":\"https:\/\/iapd.international\/international-alliance-for-peace-and-development-condemns-the-terror-blast-on-the-shrine-of-sufi-in-pakistan\/#article\",\"isPartOf\":{\"@id\":\"https:\/\/iapd.international\/international-alliance-for-peace-and-development-condemns-the-terror-blast-on-the-shrine-of-sufi-in-pakistan\/\"},\"author\":{\"name\":\"iapd\",\"@id\":\"https:\/\/iapd.international\/#\/schema\/person\/d4253a5b397eb464176c90b7cc0a24f4\"},\"headline\":\"International Alliance for Peace and Development condemns the terror blast on the shrine of Sufi in Pakistan\",\"datePublished\":\"2019-05-09T12:57:32+00:00\",\"dateModified\":\"2019-05-09T12:57:32+00:00\",\"mainEntityOfPage\":{\"@id\":\"https:\/\/iapd.international\/international-alliance-for-peace-and-development-condemns-the-terror-blast-on-the-shrine-of-sufi-in-pakistan\/\"},\"wordCount\":208,\"commentCount\":0,\"publisher\":{\"@id\":\"https:\/\/iapd.international\/#organization\"},\"articleSection\":[\"publications\"],\"inLanguage\":\"fr-FR\"},{\"@type\":\"WebPage\",\"@id\":\"https:\/\/iapd.international\/international-alliance-for-peace-and-development-condemns-the-terror-blast-on-the-shrine-of-sufi-in-pakistan\/\",\"url\":\"https:\/\/iapd.international\/international-alliance-for-peace-and-development-condemns-the-terror-blast-on-the-shrine-of-sufi-in-pakistan\/\",\"name\":\"International Alliance for Peace and Development condemns the terror blast on the shrine of Sufi in Pakistan - INTERNATIONAL ALLIANCE FOR PEACE AND DEVELOPMENT\",\"isPartOf\":{\"@id\":\"https:\/\/iapd.international\/#website\"},\"datePublished\":\"2019-05-09T12:57:32+00:00\",\"dateModified\":\"2019-05-09T12:57:32+00:00\",\"breadcrumb\":{\"@id\":\"https:\/\/iapd.international\/international-alliance-for-peace-and-development-condemns-the-terror-blast-on-the-shrine-of-sufi-in-pakistan\/#breadcrumb\"},\"inLanguage\":\"fr-FR\",\"potentialAction\":[{\"@type\":\"ReadAction\",\"target\":[\"https:\/\/iapd.international\/international-alliance-for-peace-and-development-condemns-the-terror-blast-on-the-shrine-of-sufi-in-pakistan\/\"]}]},{\"@type\":\"BreadcrumbList\",\"@id\":\"https:\/\/iapd.international\/international-alliance-for-peace-and-development-condemns-the-terror-blast-on-the-shrine-of-sufi-in-pakistan\/#breadcrumb\",\"itemListElement\":[{\"@type\":\"ListItem\",\"position\":1,\"name\":\"Home\",\"item\":\"https:\/\/iapd.international\/en\/\"},{\"@type\":\"ListItem\",\"position\":2,\"name\":\"International Alliance for Peace and Development condemns the terror blast on the shrine of Sufi in Pakistan\"}]},{\"@type\":\"WebSite\",\"@id\":\"https:\/\/iapd.international\/#website\",\"url\":\"https:\/\/iapd.international\/\",\"name\":\"INTERNATIONAL ALLIANCE FOR PEACE AND DEVELOPMENT\",\"description\":\"IAPD\",\"publisher\":{\"@id\":\"https:\/\/iapd.international\/#organization\"},\"potentialAction\":[{\"@type\":\"SearchAction\",\"target\":{\"@type\":\"EntryPoint\",\"urlTemplate\":\"https:\/\/iapd.international\/?s={search_term_string}\"},\"query-input\":\"required name=search_term_string\"}],\"inLanguage\":\"fr-FR\"},{\"@type\":\"Organization\",\"@id\":\"https:\/\/iapd.international\/#organization\",\"name\":\"INTERNATIONAL ALLIANCE FOR PEACE AND DEVELOPMENT\",\"url\":\"https:\/\/iapd.international\/\",\"logo\":{\"@type\":\"ImageObject\",\"inLanguage\":\"fr-FR\",\"@id\":\"https:\/\/iapd.international\/#\/schema\/logo\/image\/\",\"url\":\"https:\/\/iapd.international\/wp-content\/uploads\/2024\/09\/150p.png\",\"contentUrl\":\"https:\/\/iapd.international\/wp-content\/uploads\/2024\/09\/150p.png\",\"width\":150,\"height\":150,\"caption\":\"INTERNATIONAL ALLIANCE FOR PEACE AND DEVELOPMENT\"},\"image\":{\"@id\":\"https:\/\/iapd.international\/#\/schema\/logo\/image\/\"},\"sameAs\":[\"https:\/\/www.facebook.com\/InternationalA.P.D\"]},{\"@type\":\"Person\",\"@id\":\"https:\/\/iapd.international\/#\/schema\/person\/d4253a5b397eb464176c90b7cc0a24f4\",\"name\":\"iapd\",\"image\":{\"@type\":\"ImageObject\",\"inLanguage\":\"fr-FR\",\"@id\":\"https:\/\/iapd.international\/#\/schema\/person\/image\/\",\"url\":\"https:\/\/secure.gravatar.com\/avatar\/513de6fb9b0c2ee0ada081a3a9c852bef1fd8a9358bcc5bc47c0db923a311880?s=96&d=mm&r=g\",\"contentUrl\":\"https:\/\/secure.gravatar.com\/avatar\/513de6fb9b0c2ee0ada081a3a9c852bef1fd8a9358bcc5bc47c0db923a311880?s=96&d=mm&r=g\",\"caption\":\"iapd\"},\"url\":\"https:\/\/iapd.international\/fr\/author\/iapd\/\"}]}<\/script>\n<!-- \/ Yoast SEO Premium plugin. -->","yoast_head_json":{"title":"International Alliance for Peace and Development condemns the terror blast on the shrine of Sufi in Pakistan - INTERNATIONAL ALLIANCE FOR PEACE AND DEVELOPMENT","robots":{"index":"index","follow":"follow","max-snippet":"max-snippet:-1","max-image-preview":"max-image-preview:large","max-video-preview":"max-video-preview:-1"},"canonical":"https:\/\/iapd.international\/fr\/international-alliance-for-peace-and-development-condemns-the-terror-blast-on-the-shrine-of-sufi-in-pakistan\/","og_locale":"fr_FR","og_type":"article","og_title":"International Alliance for Peace and Development condemns the terror blast on the shrine of Sufi in Pakistan","og_description":"International Alliance for Peace and Development condemns the terror blast on the shrine of Sufi in Pakistan International Alliance for Peace and development condemns the terror blast on the shrine of Sufi in Lahore, the capital of Pakistan&#8217;s Punjab province. The coalition expresses its dismay at the news of the killing and wounding of many [&hellip;]","og_url":"https:\/\/iapd.international\/fr\/international-alliance-for-peace-and-development-condemns-the-terror-blast-on-the-shrine-of-sufi-in-pakistan\/","og_site_name":"INTERNATIONAL ALLIANCE FOR PEACE AND DEVELOPMENT","article_publisher":"https:\/\/www.facebook.com\/InternationalA.P.D","article_published_time":"2019-05-09T12:57:32+00:00","og_image":[{"width":700,"height":394,"url":"https:\/\/iapd.international\/wp-content\/uploads\/2019\/05\/pk16069pr-Bomb-Blast-at-Noorani.jpg","type":"image\/jpeg"}],"author":"iapd","twitter_card":"summary_large_image","twitter_misc":{"\u00c9crit par":"iapd","Dur\u00e9e de lecture estim\u00e9e":"1 minute"},"schema":{"@context":"https:\/\/schema.org","@graph":[{"@type":"Article","@id":"https:\/\/iapd.international\/international-alliance-for-peace-and-development-condemns-the-terror-blast-on-the-shrine-of-sufi-in-pakistan\/#article","isPartOf":{"@id":"https:\/\/iapd.international\/international-alliance-for-peace-and-development-condemns-the-terror-blast-on-the-shrine-of-sufi-in-pakistan\/"},"author":{"name":"iapd","@id":"https:\/\/iapd.international\/#\/schema\/person\/d4253a5b397eb464176c90b7cc0a24f4"},"headline":"International Alliance for Peace and Development condemns the terror blast on the shrine of Sufi in Pakistan","datePublished":"2019-05-09T12:57:32+00:00","dateModified":"2019-05-09T12:57:32+00:00","mainEntityOfPage":{"@id":"https:\/\/iapd.international\/international-alliance-for-peace-and-development-condemns-the-terror-blast-on-the-shrine-of-sufi-in-pakistan\/"},"wordCount":208,"commentCount":0,"publisher":{"@id":"https:\/\/iapd.international\/#organization"},"articleSection":["publications"],"inLanguage":"fr-FR"},{"@type":"WebPage","@id":"https:\/\/iapd.international\/international-alliance-for-peace-and-development-condemns-the-terror-blast-on-the-shrine-of-sufi-in-pakistan\/","url":"https:\/\/iapd.international\/international-alliance-for-peace-and-development-condemns-the-terror-blast-on-the-shrine-of-sufi-in-pakistan\/","name":"International Alliance for Peace and Development condemns the terror blast on the shrine of Sufi in Pakistan - INTERNATIONAL ALLIANCE FOR PEACE AND DEVELOPMENT","isPartOf":{"@id":"https:\/\/iapd.international\/#website"},"datePublished":"2019-05-09T12:57:32+00:00","dateModified":"2019-05-09T12:57:32+00:00","breadcrumb":{"@id":"https:\/\/iapd.international\/international-alliance-for-peace-and-development-condemns-the-terror-blast-on-the-shrine-of-sufi-in-pakistan\/#breadcrumb"},"inLanguage":"fr-FR","potentialAction":[{"@type":"ReadAction","target":["https:\/\/iapd.international\/international-alliance-for-peace-and-development-condemns-the-terror-blast-on-the-shrine-of-sufi-in-pakistan\/"]}]},{"@type":"BreadcrumbList","@id":"https:\/\/iapd.international\/international-alliance-for-peace-and-development-condemns-the-terror-blast-on-the-shrine-of-sufi-in-pakistan\/#breadcrumb","itemListElement":[{"@type":"ListItem","position":1,"name":"Home","item":"https:\/\/iapd.international\/en\/"},{"@type":"ListItem","position":2,"name":"International Alliance for Peace and Development condemns the terror blast on the shrine of Sufi in Pakistan"}]},{"@type":"WebSite","@id":"https:\/\/iapd.international\/#website","url":"https:\/\/iapd.international\/","name":"INTERNATIONAL ALLIANCE FOR PEACE AND DEVELOPMENT","description":"IAPD","publisher":{"@id":"https:\/\/iapd.international\/#organization"},"potentialAction":[{"@type":"SearchAction","target":{"@type":"EntryPoint","urlTemplate":"https:\/\/iapd.international\/?s={search_term_string}"},"query-input":"required name=search_term_string"}],"inLanguage":"fr-FR"},{"@type":"Organization","@id":"https:\/\/iapd.international\/#organization","name":"INTERNATIONAL ALLIANCE FOR PEACE AND DEVELOPMENT","url":"https:\/\/iapd.international\/","logo":{"@type":"ImageObject","inLanguage":"fr-FR","@id":"https:\/\/iapd.international\/#\/schema\/logo\/image\/","url":"https:\/\/iapd.international\/wp-content\/uploads\/2024\/09\/150p.png","contentUrl":"https:\/\/iapd.international\/wp-content\/uploads\/2024\/09\/150p.png","width":150,"height":150,"caption":"INTERNATIONAL ALLIANCE FOR PEACE AND DEVELOPMENT"},"image":{"@id":"https:\/\/iapd.international\/#\/schema\/logo\/image\/"},"sameAs":["https:\/\/www.facebook.com\/InternationalA.P.D"]},{"@type":"Person","@id":"https:\/\/iapd.international\/#\/schema\/person\/d4253a5b397eb464176c90b7cc0a24f4","name":"iapd","image":{"@type":"ImageObject","inLanguage":"fr-FR","@id":"https:\/\/iapd.international\/#\/schema\/person\/image\/","url":"https:\/\/secure.gravatar.com\/avatar\/513de6fb9b0c2ee0ada081a3a9c852bef1fd8a9358bcc5bc47c0db923a311880?s=96&d=mm&r=g","contentUrl":"https:\/\/secure.gravatar.com\/avatar\/513de6fb9b0c2ee0ada081a3a9c852bef1fd8a9358bcc5bc47c0db923a311880?s=96&d=mm&r=g","caption":"iapd"},"url":"https:\/\/iapd.international\/fr\/author\/iapd\/"}]}},"_links":{"self":[{"href":"https:\/\/iapd.international\/fr\/wp-json\/wp\/v2\/posts\/391","targetHints":{"allow":["GET"]}}],"collection":[{"href":"https:\/\/iapd.international\/fr\/wp-json\/wp\/v2\/posts"}],"about":[{"href":"https:\/\/iapd.international\/fr\/wp-json\/wp\/v2\/types\/post"}],"author":[{"embeddable":true,"href":"https:\/\/iapd.international\/fr\/wp-json\/wp\/v2\/users\/1"}],"replies":[{"embeddable":true,"href":"https:\/\/iapd.international\/fr\/wp-json\/wp\/v2\/comments?post=391"}],"version-history":[{"count":0,"href":"https:\/\/iapd.international\/fr\/wp-json\/wp\/v2\/posts\/391\/revisions"}],"wp:featuredmedia":[{"embeddable":true,"href":"https:\/\/iapd.international\/fr\/wp-json\/wp\/v2\/media\/392"}],"wp:attachment":[{"href":"https:\/\/iapd.international\/fr\/wp-json\/wp\/v2\/media?parent=391"}],"wp:term":[{"taxonomy":"category","embeddable":true,"href":"https:\/\/iapd.international\/fr\/wp-json\/wp\/v2\/categories?post=391"},{"taxonomy":"post_tag","embeddable":true,"href":"https:\/\/iapd.international\/fr\/wp-json\/wp\/v2\/tags?post=391"}],"curies":[{"name":"wp","href":"https:\/\/api.w.org\/{rel}","templated":true}]}}