{"id":370,"date":"2019-04-21T11:13:29","date_gmt":"2019-04-21T11:13:29","guid":{"rendered":"https:\/\/iapd.international\/?p=370"},"modified":"2019-04-21T11:13:29","modified_gmt":"2019-04-21T11:13:29","slug":"international-alliance-for-peace-and-development-condemns-all-acts-of-violence-and-terrorism","status":"publish","type":"post","link":"https:\/\/iapd.international\/fr\/international-alliance-for-peace-and-development-condemns-all-acts-of-violence-and-terrorism\/","title":{"rendered":"L&#039;Alliance internationale pour la paix et le d\u00e9veloppement condamne tous les actes de violence et de terrorisme"},"content":{"rendered":"<p><strong>L&#039;Alliance internationale pour la paix et le d\u00e9veloppement condamne<\/strong> <strong>tous les actes de violence et de terrorisme<\/strong><\/p>\n<p><a href=\"https:\/\/iapd.international\/wp-content\/uploads\/2019\/04\/829.jpg\"><img fetchpriority=\"high\" decoding=\"async\" class=\"size-full wp-image-371 alignright\" src=\"https:\/\/iapd.international\/wp-content\/uploads\/2019\/04\/829.jpg\" alt=\"\" width=\"500\" height=\"282\" srcset=\"https:\/\/iapd.international\/wp-content\/uploads\/2019\/04\/829.jpg 500w, https:\/\/iapd.international\/wp-content\/uploads\/2019\/04\/829-300x169.jpg 300w\" sizes=\"(max-width: 500px) 100vw, 500px\" \/><\/a><\/p>\n<p>L&#039;Alliance internationale pour la paix et le d\u00e9veloppement (IAPD) publie une d\u00e9claration condamnant les attentats \u00e0 la bombe perp\u00e9tr\u00e9s dimanche matin au Sri Lanka. Une s\u00e9rie d&#039;attentats coordonn\u00e9s a frapp\u00e9 des h\u00f4tels et des \u00e9glises dans la capitale et dans d&#039;autres villes du pays. Les cibles des attaques \u00e9taient des fid\u00e8les catholiques assistant \u00e0 la messe de P\u00e2ques et des clients d&#039;h\u00f4tels haut de gamme tr\u00e8s fr\u00e9quent\u00e9s par les touristes \u00e9trangers.<\/p>\n<p>L&#039;Alliance internationale pour la paix et le d\u00e9veloppement exprime sa profonde tristesse pour les 156 morts et les 400 bless\u00e9s caus\u00e9s par les explosions survenues dans l&#039;\u00e9glise catholique de P\u00e2ques. L&#039;IAPD consid\u00e8re ces explosions comme des crimes contre l&#039;humanit\u00e9. L&#039;IAPD condamne donc tous les actes de terrorisme. L&#039;IAPD appelle \u00e0 renoncer \u00e0 tous les actes de violence et de terrorisme et appelle \u00e0 la n\u00e9cessit\u00e9 de faire face \u00e0 de telles attaques terroristes en diffusant une culture de paix et de tol\u00e9rance parmi toute l&#039;humanit\u00e9. Elle recommande \u00e0 toutes les communaut\u00e9s de diffuser la culture de la non-violence et de promouvoir la paix. &nbsp;<\/p>\n<p>&nbsp;<\/p>","protected":false},"excerpt":{"rendered":"<p>International Alliance for Peace and Development condemns all acts of violence and terrorism International Alliance for Peace and Development (IAPD) launches statement to condemn the bombing of Sri Lanka that\u2019s happened on Sunday morning, A series of coordinated bombings ripped across Sri Lanka&nbsp;striking hotels and churches, in the capital and other cities. The targets of [&hellip;]<\/p>","protected":false},"author":1,"featured_media":371,"comment_status":"open","ping_status":"open","sticky":false,"template":"","format":"standard","meta":{"ngg_post_thumbnail":0,"footnotes":""},"categories":[17],"tags":[],"class_list":["post-370","post","type-post","status-publish","format-standard","has-post-thumbnail","hentry","category-publications-en"],"yoast_head":"<!-- This site is optimized with the Yoast SEO Premium plugin v19.3 (Yoast SEO v20.9) - https:\/\/yoast.com\/wordpress\/plugins\/seo\/ -->\n<title>International Alliance for Peace and Development condemns all acts of violence and terrorism - INTERNATIONAL ALLIANCE FOR PEACE AND DEVELOPMENT<\/title>\n<meta name=\"robots\" content=\"index, follow, max-snippet:-1, max-image-preview:large, max-video-preview:-1\" \/>\n<link rel=\"canonical\" href=\"https:\/\/iapd.international\/fr\/international-alliance-for-peace-and-development-condemns-all-acts-of-violence-and-terrorism\/\" \/>\n<meta property=\"og:locale\" content=\"fr_FR\" \/>\n<meta property=\"og:type\" content=\"article\" \/>\n<meta property=\"og:title\" content=\"International Alliance for Peace and Development condemns all acts of violence and terrorism\" \/>\n<meta property=\"og:description\" content=\"International Alliance for Peace and Development condemns all acts of violence and terrorism International Alliance for Peace and Development (IAPD) launches statement to condemn the bombing of Sri Lanka that\u2019s happened on Sunday morning, A series of coordinated bombings ripped across Sri Lanka&nbsp;striking hotels and churches, in the capital and other cities. The targets of [&hellip;]\" \/>\n<meta property=\"og:url\" content=\"https:\/\/iapd.international\/fr\/international-alliance-for-peace-and-development-condemns-all-acts-of-violence-and-terrorism\/\" \/>\n<meta property=\"og:site_name\" content=\"INTERNATIONAL ALLIANCE FOR PEACE AND DEVELOPMENT\" \/>\n<meta property=\"article:publisher\" content=\"https:\/\/www.facebook.com\/InternationalA.P.D\" \/>\n<meta property=\"article:published_time\" content=\"2019-04-21T11:13:29+00:00\" \/>\n<meta property=\"og:image\" content=\"https:\/\/iapd.international\/wp-content\/uploads\/2019\/04\/829.jpg\" \/>\n\t<meta property=\"og:image:width\" content=\"500\" \/>\n\t<meta property=\"og:image:height\" content=\"282\" \/>\n\t<meta property=\"og:image:type\" content=\"image\/jpeg\" \/>\n<meta name=\"author\" content=\"iapd\" \/>\n<meta name=\"twitter:card\" content=\"summary_large_image\" \/>\n<meta name=\"twitter:label1\" content=\"\u00c9crit par\" \/>\n\t<meta name=\"twitter:data1\" content=\"iapd\" \/>\n\t<meta name=\"twitter:label2\" content=\"Dur\u00e9e de lecture estim\u00e9e\" \/>\n\t<meta name=\"twitter:data2\" content=\"1 minute\" \/>\n<script type=\"application\/ld+json\" class=\"yoast-schema-graph\">{\"@context\":\"https:\/\/schema.org\",\"@graph\":[{\"@type\":\"Article\",\"@id\":\"https:\/\/iapd.international\/international-alliance-for-peace-and-development-condemns-all-acts-of-violence-and-terrorism\/#article\",\"isPartOf\":{\"@id\":\"https:\/\/iapd.international\/international-alliance-for-peace-and-development-condemns-all-acts-of-violence-and-terrorism\/\"},\"author\":{\"name\":\"iapd\",\"@id\":\"https:\/\/iapd.international\/#\/schema\/person\/d4253a5b397eb464176c90b7cc0a24f4\"},\"headline\":\"International Alliance for Peace and Development condemns all acts of violence and terrorism\",\"datePublished\":\"2019-04-21T11:13:29+00:00\",\"dateModified\":\"2019-04-21T11:13:29+00:00\",\"mainEntityOfPage\":{\"@id\":\"https:\/\/iapd.international\/international-alliance-for-peace-and-development-condemns-all-acts-of-violence-and-terrorism\/\"},\"wordCount\":176,\"commentCount\":0,\"publisher\":{\"@id\":\"https:\/\/iapd.international\/#organization\"},\"articleSection\":[\"publications\"],\"inLanguage\":\"fr-FR\"},{\"@type\":\"WebPage\",\"@id\":\"https:\/\/iapd.international\/international-alliance-for-peace-and-development-condemns-all-acts-of-violence-and-terrorism\/\",\"url\":\"https:\/\/iapd.international\/international-alliance-for-peace-and-development-condemns-all-acts-of-violence-and-terrorism\/\",\"name\":\"International Alliance for Peace and Development condemns all acts of violence and terrorism - INTERNATIONAL ALLIANCE FOR PEACE AND DEVELOPMENT\",\"isPartOf\":{\"@id\":\"https:\/\/iapd.international\/#website\"},\"datePublished\":\"2019-04-21T11:13:29+00:00\",\"dateModified\":\"2019-04-21T11:13:29+00:00\",\"breadcrumb\":{\"@id\":\"https:\/\/iapd.international\/international-alliance-for-peace-and-development-condemns-all-acts-of-violence-and-terrorism\/#breadcrumb\"},\"inLanguage\":\"fr-FR\",\"potentialAction\":[{\"@type\":\"ReadAction\",\"target\":[\"https:\/\/iapd.international\/international-alliance-for-peace-and-development-condemns-all-acts-of-violence-and-terrorism\/\"]}]},{\"@type\":\"BreadcrumbList\",\"@id\":\"https:\/\/iapd.international\/international-alliance-for-peace-and-development-condemns-all-acts-of-violence-and-terrorism\/#breadcrumb\",\"itemListElement\":[{\"@type\":\"ListItem\",\"position\":1,\"name\":\"Home\",\"item\":\"https:\/\/iapd.international\/en\/\"},{\"@type\":\"ListItem\",\"position\":2,\"name\":\"International Alliance for Peace and Development condemns all acts of violence and terrorism\"}]},{\"@type\":\"WebSite\",\"@id\":\"https:\/\/iapd.international\/#website\",\"url\":\"https:\/\/iapd.international\/\",\"name\":\"INTERNATIONAL ALLIANCE FOR PEACE AND DEVELOPMENT\",\"description\":\"IAPD\",\"publisher\":{\"@id\":\"https:\/\/iapd.international\/#organization\"},\"potentialAction\":[{\"@type\":\"SearchAction\",\"target\":{\"@type\":\"EntryPoint\",\"urlTemplate\":\"https:\/\/iapd.international\/?s={search_term_string}\"},\"query-input\":\"required name=search_term_string\"}],\"inLanguage\":\"fr-FR\"},{\"@type\":\"Organization\",\"@id\":\"https:\/\/iapd.international\/#organization\",\"name\":\"INTERNATIONAL ALLIANCE FOR PEACE AND DEVELOPMENT\",\"url\":\"https:\/\/iapd.international\/\",\"logo\":{\"@type\":\"ImageObject\",\"inLanguage\":\"fr-FR\",\"@id\":\"https:\/\/iapd.international\/#\/schema\/logo\/image\/\",\"url\":\"https:\/\/iapd.international\/wp-content\/uploads\/2024\/09\/150p.png\",\"contentUrl\":\"https:\/\/iapd.international\/wp-content\/uploads\/2024\/09\/150p.png\",\"width\":150,\"height\":150,\"caption\":\"INTERNATIONAL ALLIANCE FOR PEACE AND DEVELOPMENT\"},\"image\":{\"@id\":\"https:\/\/iapd.international\/#\/schema\/logo\/image\/\"},\"sameAs\":[\"https:\/\/www.facebook.com\/InternationalA.P.D\"]},{\"@type\":\"Person\",\"@id\":\"https:\/\/iapd.international\/#\/schema\/person\/d4253a5b397eb464176c90b7cc0a24f4\",\"name\":\"iapd\",\"image\":{\"@type\":\"ImageObject\",\"inLanguage\":\"fr-FR\",\"@id\":\"https:\/\/iapd.international\/#\/schema\/person\/image\/\",\"url\":\"https:\/\/secure.gravatar.com\/avatar\/513de6fb9b0c2ee0ada081a3a9c852bef1fd8a9358bcc5bc47c0db923a311880?s=96&d=mm&r=g\",\"contentUrl\":\"https:\/\/secure.gravatar.com\/avatar\/513de6fb9b0c2ee0ada081a3a9c852bef1fd8a9358bcc5bc47c0db923a311880?s=96&d=mm&r=g\",\"caption\":\"iapd\"},\"url\":\"https:\/\/iapd.international\/fr\/author\/iapd\/\"}]}<\/script>\n<!-- \/ Yoast SEO Premium plugin. -->","yoast_head_json":{"title":"International Alliance for Peace and Development condemns all acts of violence and terrorism - INTERNATIONAL ALLIANCE FOR PEACE AND DEVELOPMENT","robots":{"index":"index","follow":"follow","max-snippet":"max-snippet:-1","max-image-preview":"max-image-preview:large","max-video-preview":"max-video-preview:-1"},"canonical":"https:\/\/iapd.international\/fr\/international-alliance-for-peace-and-development-condemns-all-acts-of-violence-and-terrorism\/","og_locale":"fr_FR","og_type":"article","og_title":"International Alliance for Peace and Development condemns all acts of violence and terrorism","og_description":"International Alliance for Peace and Development condemns all acts of violence and terrorism International Alliance for Peace and Development (IAPD) launches statement to condemn the bombing of Sri Lanka that\u2019s happened on Sunday morning, A series of coordinated bombings ripped across Sri Lanka&nbsp;striking hotels and churches, in the capital and other cities. The targets of [&hellip;]","og_url":"https:\/\/iapd.international\/fr\/international-alliance-for-peace-and-development-condemns-all-acts-of-violence-and-terrorism\/","og_site_name":"INTERNATIONAL ALLIANCE FOR PEACE AND DEVELOPMENT","article_publisher":"https:\/\/www.facebook.com\/InternationalA.P.D","article_published_time":"2019-04-21T11:13:29+00:00","og_image":[{"width":500,"height":282,"url":"https:\/\/iapd.international\/wp-content\/uploads\/2019\/04\/829.jpg","type":"image\/jpeg"}],"author":"iapd","twitter_card":"summary_large_image","twitter_misc":{"\u00c9crit par":"iapd","Dur\u00e9e de lecture estim\u00e9e":"1 minute"},"schema":{"@context":"https:\/\/schema.org","@graph":[{"@type":"Article","@id":"https:\/\/iapd.international\/international-alliance-for-peace-and-development-condemns-all-acts-of-violence-and-terrorism\/#article","isPartOf":{"@id":"https:\/\/iapd.international\/international-alliance-for-peace-and-development-condemns-all-acts-of-violence-and-terrorism\/"},"author":{"name":"iapd","@id":"https:\/\/iapd.international\/#\/schema\/person\/d4253a5b397eb464176c90b7cc0a24f4"},"headline":"International Alliance for Peace and Development condemns all acts of violence and terrorism","datePublished":"2019-04-21T11:13:29+00:00","dateModified":"2019-04-21T11:13:29+00:00","mainEntityOfPage":{"@id":"https:\/\/iapd.international\/international-alliance-for-peace-and-development-condemns-all-acts-of-violence-and-terrorism\/"},"wordCount":176,"commentCount":0,"publisher":{"@id":"https:\/\/iapd.international\/#organization"},"articleSection":["publications"],"inLanguage":"fr-FR"},{"@type":"WebPage","@id":"https:\/\/iapd.international\/international-alliance-for-peace-and-development-condemns-all-acts-of-violence-and-terrorism\/","url":"https:\/\/iapd.international\/international-alliance-for-peace-and-development-condemns-all-acts-of-violence-and-terrorism\/","name":"International Alliance for Peace and Development condemns all acts of violence and terrorism - INTERNATIONAL ALLIANCE FOR PEACE AND DEVELOPMENT","isPartOf":{"@id":"https:\/\/iapd.international\/#website"},"datePublished":"2019-04-21T11:13:29+00:00","dateModified":"2019-04-21T11:13:29+00:00","breadcrumb":{"@id":"https:\/\/iapd.international\/international-alliance-for-peace-and-development-condemns-all-acts-of-violence-and-terrorism\/#breadcrumb"},"inLanguage":"fr-FR","potentialAction":[{"@type":"ReadAction","target":["https:\/\/iapd.international\/international-alliance-for-peace-and-development-condemns-all-acts-of-violence-and-terrorism\/"]}]},{"@type":"BreadcrumbList","@id":"https:\/\/iapd.international\/international-alliance-for-peace-and-development-condemns-all-acts-of-violence-and-terrorism\/#breadcrumb","itemListElement":[{"@type":"ListItem","position":1,"name":"Home","item":"https:\/\/iapd.international\/en\/"},{"@type":"ListItem","position":2,"name":"International Alliance for Peace and Development condemns all acts of violence and terrorism"}]},{"@type":"WebSite","@id":"https:\/\/iapd.international\/#website","url":"https:\/\/iapd.international\/","name":"INTERNATIONAL ALLIANCE FOR PEACE AND DEVELOPMENT","description":"IAPD","publisher":{"@id":"https:\/\/iapd.international\/#organization"},"potentialAction":[{"@type":"SearchAction","target":{"@type":"EntryPoint","urlTemplate":"https:\/\/iapd.international\/?s={search_term_string}"},"query-input":"required name=search_term_string"}],"inLanguage":"fr-FR"},{"@type":"Organization","@id":"https:\/\/iapd.international\/#organization","name":"INTERNATIONAL ALLIANCE FOR PEACE AND DEVELOPMENT","url":"https:\/\/iapd.international\/","logo":{"@type":"ImageObject","inLanguage":"fr-FR","@id":"https:\/\/iapd.international\/#\/schema\/logo\/image\/","url":"https:\/\/iapd.international\/wp-content\/uploads\/2024\/09\/150p.png","contentUrl":"https:\/\/iapd.international\/wp-content\/uploads\/2024\/09\/150p.png","width":150,"height":150,"caption":"INTERNATIONAL ALLIANCE FOR PEACE AND DEVELOPMENT"},"image":{"@id":"https:\/\/iapd.international\/#\/schema\/logo\/image\/"},"sameAs":["https:\/\/www.facebook.com\/InternationalA.P.D"]},{"@type":"Person","@id":"https:\/\/iapd.international\/#\/schema\/person\/d4253a5b397eb464176c90b7cc0a24f4","name":"iapd","image":{"@type":"ImageObject","inLanguage":"fr-FR","@id":"https:\/\/iapd.international\/#\/schema\/person\/image\/","url":"https:\/\/secure.gravatar.com\/avatar\/513de6fb9b0c2ee0ada081a3a9c852bef1fd8a9358bcc5bc47c0db923a311880?s=96&d=mm&r=g","contentUrl":"https:\/\/secure.gravatar.com\/avatar\/513de6fb9b0c2ee0ada081a3a9c852bef1fd8a9358bcc5bc47c0db923a311880?s=96&d=mm&r=g","caption":"iapd"},"url":"https:\/\/iapd.international\/fr\/author\/iapd\/"}]}},"_links":{"self":[{"href":"https:\/\/iapd.international\/fr\/wp-json\/wp\/v2\/posts\/370","targetHints":{"allow":["GET"]}}],"collection":[{"href":"https:\/\/iapd.international\/fr\/wp-json\/wp\/v2\/posts"}],"about":[{"href":"https:\/\/iapd.international\/fr\/wp-json\/wp\/v2\/types\/post"}],"author":[{"embeddable":true,"href":"https:\/\/iapd.international\/fr\/wp-json\/wp\/v2\/users\/1"}],"replies":[{"embeddable":true,"href":"https:\/\/iapd.international\/fr\/wp-json\/wp\/v2\/comments?post=370"}],"version-history":[{"count":0,"href":"https:\/\/iapd.international\/fr\/wp-json\/wp\/v2\/posts\/370\/revisions"}],"wp:featuredmedia":[{"embeddable":true,"href":"https:\/\/iapd.international\/fr\/wp-json\/wp\/v2\/media\/371"}],"wp:attachment":[{"href":"https:\/\/iapd.international\/fr\/wp-json\/wp\/v2\/media?parent=370"}],"wp:term":[{"taxonomy":"category","embeddable":true,"href":"https:\/\/iapd.international\/fr\/wp-json\/wp\/v2\/categories?post=370"},{"taxonomy":"post_tag","embeddable":true,"href":"https:\/\/iapd.international\/fr\/wp-json\/wp\/v2\/tags?post=370"}],"curies":[{"name":"wp","href":"https:\/\/api.w.org\/{rel}","templated":true}]}}