{"id":358,"date":"2019-04-11T14:22:54","date_gmt":"2019-04-11T14:22:54","guid":{"rendered":"https:\/\/iapd.international\/?p=358"},"modified":"2019-04-11T14:37:05","modified_gmt":"2019-04-11T14:37:05","slug":"international-alliance-for-peace-and-development-warns-from-raising-the-far-right-in-europe","status":"publish","type":"post","link":"https:\/\/iapd.international\/fr\/international-alliance-for-peace-and-development-warns-from-raising-the-far-right-in-europe\/","title":{"rendered":"\u00a0L&#039;Alliance internationale pour la paix et le d\u00e9veloppement met en garde contre la mont\u00e9e de l&#039;extr\u00eame droite en Europe"},"content":{"rendered":"<p style=\"text-align: center;\"><strong>&nbsp;<\/strong><strong>Alliance internationale pour la paix et le d\u00e9veloppement <\/strong><strong>pr\u00e9vient <\/strong><strong>de la mont\u00e9e de l&#039;extr\u00eame droite en Europe<\/strong><\/p>\n<blockquote>\n<p style=\"text-align: justify;\">L\u2019Alliance internationale pour la paix et le d\u00e9veloppement publie une d\u00e9claration intitul\u00e9e \u00ab Le danger de la mont\u00e9e de l\u2019extr\u00eame droite en Europe \u00bb. Nous assistons actuellement \u00e0 un changement radical dans la politique mondiale. L\u2019extr\u00eame droite, qui semblait en retrait depuis des d\u00e9cennies, a vu son \u00e9mergence en 2008. Et a commenc\u00e9 \u00e0 avertir que l\u2019Europe perdait son identit\u00e9 en raison de l\u2019immigration massive en provenance des pays musulmans, en particulier des pays d\u2019Afrique du Nord.<\/p>\n<p style=\"text-align: justify;\">L&#039;Alliance Internationale pour la Paix et le D\u00e9veloppement condamne la mont\u00e9e du ph\u00e9nom\u00e8ne d&#039;extr\u00eame droite en Europe. L&#039;augmentation des mouvements migratoires en raison des guerres et des conditions \u00e9conomiques et sociales s&#039;est accompagn\u00e9e d&#039;une grande croissance des id\u00e9es racistes et a \u00e9t\u00e9 le terrain des activit\u00e9s des courants d&#039;extr\u00eame droite. En raison de ce ph\u00e9nom\u00e8ne, la violence est devenue de plus en plus r\u00e9pandue en Europe, en particulier contre les musulmans et les migrants \u00e9trangers, et des incidents de haine se sont produits \u00e0 leur encontre en raison de la politique de discrimination, qui est contraire aux droits de l&#039;homme.<\/p>\n<p style=\"text-align: justify;\">L\u2019Alliance internationale pour la paix et le d\u00e9veloppement met en garde contre le fait que l\u2019extr\u00eame droite et ses mouvements, et la situation actuelle est une lutte de longue haleine entre partis, ont fait de plus en plus de victimes parmi les r\u00e9fugi\u00e9s et les immigr\u00e9s musulmans dans les pays europ\u00e9ens. L\u2019Alliance internationale pour la paix et le d\u00e9veloppement recommande donc que ce ph\u00e9nom\u00e8ne soit \u00e9tudi\u00e9 et compris afin de d\u00e9terminer ses effets et ses implications \u00e0 l\u2019avenir, et de l\u2019affronter avant de recourir \u00e0 la violence, \u00e0 la discrimination et aux actes terroristes contre des groupes sp\u00e9cifiques en Europe.<\/p>\n<p style=\"text-align: justify;\">L&#039;Alliance internationale pour la paix et le d\u00e9veloppement (IAPDA) a son si\u00e8ge \u00e0 Gen\u00e8ve. Elle a pour vocation de promouvoir la paix et le d\u00e9veloppement durable dans le monde entier. Elle lutte contre la haine, la violence et l&#039;extr\u00e9misme et travaille aux c\u00f4t\u00e9s des m\u00e9canismes de l&#039;ONU et d&#039;autres institutions comp\u00e9tentes dans le monde entier.<\/p>\n<\/blockquote>\n<p style=\"text-align: justify;\">&nbsp;<\/p>","protected":false},"excerpt":{"rendered":"<p>&nbsp;International Alliance for Peace and Development warns from raising the far-right in Europe International Alliance for Peace and Development launches statement entitled &#8220;the danger of raising the far-right in Europe&#8221;, We are currently witnessing a tidal change in global politics. The far right, which seemed to be on the retreat for decades, in 2008 far-right [&hellip;]<\/p>","protected":false},"author":1,"featured_media":327,"comment_status":"open","ping_status":"open","sticky":false,"template":"","format":"standard","meta":{"ngg_post_thumbnail":0,"footnotes":""},"categories":[17],"tags":[],"class_list":["post-358","post","type-post","status-publish","format-standard","has-post-thumbnail","hentry","category-publications-en"],"yoast_head":"<!-- This site is optimized with the Yoast SEO Premium plugin v19.3 (Yoast SEO v20.9) - https:\/\/yoast.com\/wordpress\/plugins\/seo\/ -->\n<title>\u00a0International Alliance for Peace and Development warns from raising the far-right in Europe - INTERNATIONAL ALLIANCE FOR PEACE AND DEVELOPMENT<\/title>\n<meta name=\"robots\" content=\"index, follow, max-snippet:-1, max-image-preview:large, max-video-preview:-1\" \/>\n<link rel=\"canonical\" href=\"https:\/\/iapd.international\/fr\/international-alliance-for-peace-and-development-warns-from-raising-the-far-right-in-europe\/\" \/>\n<meta property=\"og:locale\" content=\"fr_FR\" \/>\n<meta property=\"og:type\" content=\"article\" \/>\n<meta property=\"og:title\" content=\"\u00a0International Alliance for Peace and Development warns from raising the far-right in Europe\" \/>\n<meta property=\"og:description\" content=\"&nbsp;International Alliance for Peace and Development warns from raising the far-right in Europe International Alliance for Peace and Development launches statement entitled &#8220;the danger of raising the far-right in Europe&#8221;, We are currently witnessing a tidal change in global politics. The far right, which seemed to be on the retreat for decades, in 2008 far-right [&hellip;]\" \/>\n<meta property=\"og:url\" content=\"https:\/\/iapd.international\/fr\/international-alliance-for-peace-and-development-warns-from-raising-the-far-right-in-europe\/\" \/>\n<meta property=\"og:site_name\" content=\"INTERNATIONAL ALLIANCE FOR PEACE AND DEVELOPMENT\" \/>\n<meta property=\"article:publisher\" content=\"https:\/\/www.facebook.com\/InternationalA.P.D\" \/>\n<meta property=\"article:published_time\" content=\"2019-04-11T14:22:54+00:00\" \/>\n<meta property=\"article:modified_time\" content=\"2019-04-11T14:37:05+00:00\" \/>\n<meta property=\"og:image\" content=\"https:\/\/iapd.international\/wp-content\/uploads\/2019\/03\/Logo-for-web-E.png\" \/>\n\t<meta property=\"og:image:width\" content=\"230\" \/>\n\t<meta property=\"og:image:height\" content=\"223\" \/>\n\t<meta property=\"og:image:type\" content=\"image\/png\" \/>\n<meta name=\"author\" content=\"iapd\" \/>\n<meta name=\"twitter:card\" content=\"summary_large_image\" \/>\n<meta name=\"twitter:label1\" content=\"\u00c9crit par\" \/>\n\t<meta name=\"twitter:data1\" content=\"iapd\" \/>\n\t<meta name=\"twitter:label2\" content=\"Dur\u00e9e de lecture estim\u00e9e\" \/>\n\t<meta name=\"twitter:data2\" content=\"1 minute\" \/>\n<script type=\"application\/ld+json\" class=\"yoast-schema-graph\">{\"@context\":\"https:\/\/schema.org\",\"@graph\":[{\"@type\":\"Article\",\"@id\":\"https:\/\/iapd.international\/international-alliance-for-peace-and-development-warns-from-raising-the-far-right-in-europe\/#article\",\"isPartOf\":{\"@id\":\"https:\/\/iapd.international\/international-alliance-for-peace-and-development-warns-from-raising-the-far-right-in-europe\/\"},\"author\":{\"name\":\"iapd\",\"@id\":\"https:\/\/iapd.international\/#\/schema\/person\/d4253a5b397eb464176c90b7cc0a24f4\"},\"headline\":\"\u00a0International Alliance for Peace and Development warns from raising the far-right in Europe\",\"datePublished\":\"2019-04-11T14:22:54+00:00\",\"dateModified\":\"2019-04-11T14:37:05+00:00\",\"mainEntityOfPage\":{\"@id\":\"https:\/\/iapd.international\/international-alliance-for-peace-and-development-warns-from-raising-the-far-right-in-europe\/\"},\"wordCount\":310,\"commentCount\":0,\"publisher\":{\"@id\":\"https:\/\/iapd.international\/#organization\"},\"articleSection\":[\"publications\"],\"inLanguage\":\"fr-FR\"},{\"@type\":\"WebPage\",\"@id\":\"https:\/\/iapd.international\/international-alliance-for-peace-and-development-warns-from-raising-the-far-right-in-europe\/\",\"url\":\"https:\/\/iapd.international\/international-alliance-for-peace-and-development-warns-from-raising-the-far-right-in-europe\/\",\"name\":\"\u00a0International Alliance for Peace and Development warns from raising the far-right in Europe - INTERNATIONAL ALLIANCE FOR PEACE AND DEVELOPMENT\",\"isPartOf\":{\"@id\":\"https:\/\/iapd.international\/#website\"},\"datePublished\":\"2019-04-11T14:22:54+00:00\",\"dateModified\":\"2019-04-11T14:37:05+00:00\",\"breadcrumb\":{\"@id\":\"https:\/\/iapd.international\/international-alliance-for-peace-and-development-warns-from-raising-the-far-right-in-europe\/#breadcrumb\"},\"inLanguage\":\"fr-FR\",\"potentialAction\":[{\"@type\":\"ReadAction\",\"target\":[\"https:\/\/iapd.international\/international-alliance-for-peace-and-development-warns-from-raising-the-far-right-in-europe\/\"]}]},{\"@type\":\"BreadcrumbList\",\"@id\":\"https:\/\/iapd.international\/international-alliance-for-peace-and-development-warns-from-raising-the-far-right-in-europe\/#breadcrumb\",\"itemListElement\":[{\"@type\":\"ListItem\",\"position\":1,\"name\":\"Home\",\"item\":\"https:\/\/iapd.international\/en\/\"},{\"@type\":\"ListItem\",\"position\":2,\"name\":\"\u00a0International Alliance for Peace and Development warns from raising the far-right in Europe\"}]},{\"@type\":\"WebSite\",\"@id\":\"https:\/\/iapd.international\/#website\",\"url\":\"https:\/\/iapd.international\/\",\"name\":\"INTERNATIONAL ALLIANCE FOR PEACE AND DEVELOPMENT\",\"description\":\"IAPD\",\"publisher\":{\"@id\":\"https:\/\/iapd.international\/#organization\"},\"potentialAction\":[{\"@type\":\"SearchAction\",\"target\":{\"@type\":\"EntryPoint\",\"urlTemplate\":\"https:\/\/iapd.international\/?s={search_term_string}\"},\"query-input\":\"required name=search_term_string\"}],\"inLanguage\":\"fr-FR\"},{\"@type\":\"Organization\",\"@id\":\"https:\/\/iapd.international\/#organization\",\"name\":\"INTERNATIONAL ALLIANCE FOR PEACE AND DEVELOPMENT\",\"url\":\"https:\/\/iapd.international\/\",\"logo\":{\"@type\":\"ImageObject\",\"inLanguage\":\"fr-FR\",\"@id\":\"https:\/\/iapd.international\/#\/schema\/logo\/image\/\",\"url\":\"https:\/\/iapd.international\/wp-content\/uploads\/2024\/09\/150p.png\",\"contentUrl\":\"https:\/\/iapd.international\/wp-content\/uploads\/2024\/09\/150p.png\",\"width\":150,\"height\":150,\"caption\":\"INTERNATIONAL ALLIANCE FOR PEACE AND DEVELOPMENT\"},\"image\":{\"@id\":\"https:\/\/iapd.international\/#\/schema\/logo\/image\/\"},\"sameAs\":[\"https:\/\/www.facebook.com\/InternationalA.P.D\"]},{\"@type\":\"Person\",\"@id\":\"https:\/\/iapd.international\/#\/schema\/person\/d4253a5b397eb464176c90b7cc0a24f4\",\"name\":\"iapd\",\"image\":{\"@type\":\"ImageObject\",\"inLanguage\":\"fr-FR\",\"@id\":\"https:\/\/iapd.international\/#\/schema\/person\/image\/\",\"url\":\"https:\/\/secure.gravatar.com\/avatar\/513de6fb9b0c2ee0ada081a3a9c852bef1fd8a9358bcc5bc47c0db923a311880?s=96&d=mm&r=g\",\"contentUrl\":\"https:\/\/secure.gravatar.com\/avatar\/513de6fb9b0c2ee0ada081a3a9c852bef1fd8a9358bcc5bc47c0db923a311880?s=96&d=mm&r=g\",\"caption\":\"iapd\"},\"url\":\"https:\/\/iapd.international\/fr\/author\/iapd\/\"}]}<\/script>\n<!-- \/ Yoast SEO Premium plugin. -->","yoast_head_json":{"title":"\u00a0International Alliance for Peace and Development warns from raising the far-right in Europe - INTERNATIONAL ALLIANCE FOR PEACE AND DEVELOPMENT","robots":{"index":"index","follow":"follow","max-snippet":"max-snippet:-1","max-image-preview":"max-image-preview:large","max-video-preview":"max-video-preview:-1"},"canonical":"https:\/\/iapd.international\/fr\/international-alliance-for-peace-and-development-warns-from-raising-the-far-right-in-europe\/","og_locale":"fr_FR","og_type":"article","og_title":"\u00a0International Alliance for Peace and Development warns from raising the far-right in Europe","og_description":"&nbsp;International Alliance for Peace and Development warns from raising the far-right in Europe International Alliance for Peace and Development launches statement entitled &#8220;the danger of raising the far-right in Europe&#8221;, We are currently witnessing a tidal change in global politics. The far right, which seemed to be on the retreat for decades, in 2008 far-right [&hellip;]","og_url":"https:\/\/iapd.international\/fr\/international-alliance-for-peace-and-development-warns-from-raising-the-far-right-in-europe\/","og_site_name":"INTERNATIONAL ALLIANCE FOR PEACE AND DEVELOPMENT","article_publisher":"https:\/\/www.facebook.com\/InternationalA.P.D","article_published_time":"2019-04-11T14:22:54+00:00","article_modified_time":"2019-04-11T14:37:05+00:00","og_image":[{"width":230,"height":223,"url":"https:\/\/iapd.international\/wp-content\/uploads\/2019\/03\/Logo-for-web-E.png","type":"image\/png"}],"author":"iapd","twitter_card":"summary_large_image","twitter_misc":{"\u00c9crit par":"iapd","Dur\u00e9e de lecture estim\u00e9e":"1 minute"},"schema":{"@context":"https:\/\/schema.org","@graph":[{"@type":"Article","@id":"https:\/\/iapd.international\/international-alliance-for-peace-and-development-warns-from-raising-the-far-right-in-europe\/#article","isPartOf":{"@id":"https:\/\/iapd.international\/international-alliance-for-peace-and-development-warns-from-raising-the-far-right-in-europe\/"},"author":{"name":"iapd","@id":"https:\/\/iapd.international\/#\/schema\/person\/d4253a5b397eb464176c90b7cc0a24f4"},"headline":"\u00a0International Alliance for Peace and Development warns from raising the far-right in Europe","datePublished":"2019-04-11T14:22:54+00:00","dateModified":"2019-04-11T14:37:05+00:00","mainEntityOfPage":{"@id":"https:\/\/iapd.international\/international-alliance-for-peace-and-development-warns-from-raising-the-far-right-in-europe\/"},"wordCount":310,"commentCount":0,"publisher":{"@id":"https:\/\/iapd.international\/#organization"},"articleSection":["publications"],"inLanguage":"fr-FR"},{"@type":"WebPage","@id":"https:\/\/iapd.international\/international-alliance-for-peace-and-development-warns-from-raising-the-far-right-in-europe\/","url":"https:\/\/iapd.international\/international-alliance-for-peace-and-development-warns-from-raising-the-far-right-in-europe\/","name":"\u00a0International Alliance for Peace and Development warns from raising the far-right in Europe - INTERNATIONAL ALLIANCE FOR PEACE AND DEVELOPMENT","isPartOf":{"@id":"https:\/\/iapd.international\/#website"},"datePublished":"2019-04-11T14:22:54+00:00","dateModified":"2019-04-11T14:37:05+00:00","breadcrumb":{"@id":"https:\/\/iapd.international\/international-alliance-for-peace-and-development-warns-from-raising-the-far-right-in-europe\/#breadcrumb"},"inLanguage":"fr-FR","potentialAction":[{"@type":"ReadAction","target":["https:\/\/iapd.international\/international-alliance-for-peace-and-development-warns-from-raising-the-far-right-in-europe\/"]}]},{"@type":"BreadcrumbList","@id":"https:\/\/iapd.international\/international-alliance-for-peace-and-development-warns-from-raising-the-far-right-in-europe\/#breadcrumb","itemListElement":[{"@type":"ListItem","position":1,"name":"Home","item":"https:\/\/iapd.international\/en\/"},{"@type":"ListItem","position":2,"name":"\u00a0International Alliance for Peace and Development warns from raising the far-right in Europe"}]},{"@type":"WebSite","@id":"https:\/\/iapd.international\/#website","url":"https:\/\/iapd.international\/","name":"INTERNATIONAL ALLIANCE FOR PEACE AND DEVELOPMENT","description":"IAPD","publisher":{"@id":"https:\/\/iapd.international\/#organization"},"potentialAction":[{"@type":"SearchAction","target":{"@type":"EntryPoint","urlTemplate":"https:\/\/iapd.international\/?s={search_term_string}"},"query-input":"required name=search_term_string"}],"inLanguage":"fr-FR"},{"@type":"Organization","@id":"https:\/\/iapd.international\/#organization","name":"INTERNATIONAL ALLIANCE FOR PEACE AND DEVELOPMENT","url":"https:\/\/iapd.international\/","logo":{"@type":"ImageObject","inLanguage":"fr-FR","@id":"https:\/\/iapd.international\/#\/schema\/logo\/image\/","url":"https:\/\/iapd.international\/wp-content\/uploads\/2024\/09\/150p.png","contentUrl":"https:\/\/iapd.international\/wp-content\/uploads\/2024\/09\/150p.png","width":150,"height":150,"caption":"INTERNATIONAL ALLIANCE FOR PEACE AND DEVELOPMENT"},"image":{"@id":"https:\/\/iapd.international\/#\/schema\/logo\/image\/"},"sameAs":["https:\/\/www.facebook.com\/InternationalA.P.D"]},{"@type":"Person","@id":"https:\/\/iapd.international\/#\/schema\/person\/d4253a5b397eb464176c90b7cc0a24f4","name":"iapd","image":{"@type":"ImageObject","inLanguage":"fr-FR","@id":"https:\/\/iapd.international\/#\/schema\/person\/image\/","url":"https:\/\/secure.gravatar.com\/avatar\/513de6fb9b0c2ee0ada081a3a9c852bef1fd8a9358bcc5bc47c0db923a311880?s=96&d=mm&r=g","contentUrl":"https:\/\/secure.gravatar.com\/avatar\/513de6fb9b0c2ee0ada081a3a9c852bef1fd8a9358bcc5bc47c0db923a311880?s=96&d=mm&r=g","caption":"iapd"},"url":"https:\/\/iapd.international\/fr\/author\/iapd\/"}]}},"_links":{"self":[{"href":"https:\/\/iapd.international\/fr\/wp-json\/wp\/v2\/posts\/358","targetHints":{"allow":["GET"]}}],"collection":[{"href":"https:\/\/iapd.international\/fr\/wp-json\/wp\/v2\/posts"}],"about":[{"href":"https:\/\/iapd.international\/fr\/wp-json\/wp\/v2\/types\/post"}],"author":[{"embeddable":true,"href":"https:\/\/iapd.international\/fr\/wp-json\/wp\/v2\/users\/1"}],"replies":[{"embeddable":true,"href":"https:\/\/iapd.international\/fr\/wp-json\/wp\/v2\/comments?post=358"}],"version-history":[{"count":0,"href":"https:\/\/iapd.international\/fr\/wp-json\/wp\/v2\/posts\/358\/revisions"}],"wp:featuredmedia":[{"embeddable":true,"href":"https:\/\/iapd.international\/fr\/wp-json\/wp\/v2\/media\/327"}],"wp:attachment":[{"href":"https:\/\/iapd.international\/fr\/wp-json\/wp\/v2\/media?parent=358"}],"wp:term":[{"taxonomy":"category","embeddable":true,"href":"https:\/\/iapd.international\/fr\/wp-json\/wp\/v2\/categories?post=358"},{"taxonomy":"post_tag","embeddable":true,"href":"https:\/\/iapd.international\/fr\/wp-json\/wp\/v2\/tags?post=358"}],"curies":[{"name":"wp","href":"https:\/\/api.w.org\/{rel}","templated":true}]}}