{"id":329,"date":"2019-04-03T15:39:35","date_gmt":"2019-04-03T15:39:35","guid":{"rendered":"https:\/\/iapd.international\/?p=329"},"modified":"2019-04-04T16:22:17","modified_gmt":"2019-04-04T16:22:17","slug":"the-united-nations-global-counter-terrorism-strategy","status":"publish","type":"post","link":"https:\/\/iapd.international\/fr\/the-united-nations-global-counter-terrorism-strategy\/","title":{"rendered":"La strat\u00e9gie antiterroriste mondiale des Nations Unies"},"content":{"rendered":"<h2 dir=\"ltr\" style=\"text-align: center;\"><strong>La strat\u00e9gie antiterroriste mondiale des Nations Unies<\/strong><\/h2>\n<p dir=\"ltr\" style=\"text-align: justify;\">L\u2019Alliance internationale pour la paix et le d\u00e9veloppement a organis\u00e9 le 30 mars 2019 en Pologne un atelier intitul\u00e9 \u00ab La strat\u00e9gie antiterroriste mondiale des Nations Unies \u00bb, dans le cadre de l\u2019Alliance internationale pour la paix et le d\u00e9veloppement qui vise \u00e0 renoncer \u00e0 la violence, \u00e0 l\u2019extr\u00e9misme et au terrorisme et \u00e0 promouvoir les valeurs de paix et de tol\u00e9rance. Cet atelier a r\u00e9uni 22 jeunes hommes et femmes de pays arabes et europ\u00e9ens, dans le cadre du programme \u00ab Erasmus + \u00bb visant \u00e0 promouvoir la diversit\u00e9 culturelle entre les jeunes.<\/p>\n<p dir=\"ltr\" style=\"text-align: justify;\">Notre atelier a d\u00e9but\u00e9 par une pr\u00e9sentation de la strat\u00e9gie antiterroriste mondiale de l&#039;ONU, des m\u00e9canismes de l&#039;ONU pour faire face \u00e0 la violence et au terrorisme, ainsi que de la strat\u00e9gie de lutte contre le terrorisme dans le cadre des objectifs du d\u00e9veloppement durable. Les participants se sont ensuite divis\u00e9s en trois groupes, avec trois situations concernant la violence, l&#039;extr\u00e9misme et le terrorisme. Nous avons \u00e9galement commenc\u00e9 \u00e0 discuter de la mani\u00e8re de g\u00e9rer chaque situation conform\u00e9ment aux m\u00e9canismes de l&#039;ONU dans le cadre du mandat de l&#039;ONU pour faire face \u00e0 la violence, \u00e0 l&#039;extr\u00e9misme et au terrorisme.<\/p>\n<p dir=\"ltr\" style=\"text-align: justify;\">Notre atelier a obtenu de nombreux r\u00e9sultats de la part des participants, les recommandations comprenaient la promotion du r\u00f4le de la soci\u00e9t\u00e9 civile dans la lutte contre le terrorisme et la promotion de la consolidation de la paix, il doit y avoir un accord ou un m\u00e9canisme obligatoire pour rejoindre la strat\u00e9gie, la strat\u00e9gie doit donner des recommandations aux \u00c9tats pour adopter un syst\u00e8me \u00e9ducatif comprenant la lutte contre le discours de haine et la violence dans les \u00e9coles, l&#039;adoption d&#039;un programme international pour les jeunes afin de les sensibiliser \u00e0 l&#039;importance de la lutte contre la violence et le discours de haine et l&#039;ONU devrait imposer des sanctions aux groupes ou aux \u00c9tats qui utilisent la violence ou soutiennent le terrorisme.<\/p>\n<p dir=\"ltr\" style=\"text-align: justify;\">&nbsp;<\/p>\n<div id='gallery-1' class='gallery galleryid-329 gallery-columns-1 gallery-size-large'><figure class='gallery-item'>\n\t\t\t<div class='gallery-icon landscape'>\n\t\t\t\t<img fetchpriority=\"high\" decoding=\"async\" width=\"1024\" height=\"682\" src=\"https:\/\/iapd.international\/wp-content\/uploads\/2019\/04\/1-1-1024x682.jpeg\" class=\"attachment-large size-large\" alt=\"\" srcset=\"https:\/\/iapd.international\/wp-content\/uploads\/2019\/04\/1-1-1024x682.jpeg 1024w, https:\/\/iapd.international\/wp-content\/uploads\/2019\/04\/1-1-300x200.jpeg 300w, https:\/\/iapd.international\/wp-content\/uploads\/2019\/04\/1-1-768x512.jpeg 768w, https:\/\/iapd.international\/wp-content\/uploads\/2019\/04\/1-1.jpeg 1280w\" sizes=\"(max-width: 1024px) 100vw, 1024px\" \/>\n\t\t\t<\/div><\/figure><figure class='gallery-item'>\n\t\t\t<div class='gallery-icon landscape'>\n\t\t\t\t<img decoding=\"async\" width=\"1024\" height=\"682\" src=\"https:\/\/iapd.international\/wp-content\/uploads\/2019\/04\/1-2-1024x682.jpeg\" class=\"attachment-large size-large\" alt=\"\" srcset=\"https:\/\/iapd.international\/wp-content\/uploads\/2019\/04\/1-2-1024x682.jpeg 1024w, https:\/\/iapd.international\/wp-content\/uploads\/2019\/04\/1-2-300x200.jpeg 300w, https:\/\/iapd.international\/wp-content\/uploads\/2019\/04\/1-2-768x512.jpeg 768w, https:\/\/iapd.international\/wp-content\/uploads\/2019\/04\/1-2.jpeg 1280w\" sizes=\"(max-width: 1024px) 100vw, 1024px\" \/>\n\t\t\t<\/div><\/figure><figure class='gallery-item'>\n\t\t\t<div class='gallery-icon landscape'>\n\t\t\t\t<img decoding=\"async\" width=\"1024\" height=\"682\" src=\"https:\/\/iapd.international\/wp-content\/uploads\/2019\/04\/1-3-1024x682.jpeg\" class=\"attachment-large size-large\" alt=\"\" srcset=\"https:\/\/iapd.international\/wp-content\/uploads\/2019\/04\/1-3-1024x682.jpeg 1024w, https:\/\/iapd.international\/wp-content\/uploads\/2019\/04\/1-3-300x200.jpeg 300w, https:\/\/iapd.international\/wp-content\/uploads\/2019\/04\/1-3-768x512.jpeg 768w, https:\/\/iapd.international\/wp-content\/uploads\/2019\/04\/1-3.jpeg 1280w\" sizes=\"(max-width: 1024px) 100vw, 1024px\" \/>\n\t\t\t<\/div><\/figure><figure class='gallery-item'>\n\t\t\t<div class='gallery-icon landscape'>\n\t\t\t\t<img loading=\"lazy\" decoding=\"async\" width=\"1024\" height=\"682\" src=\"https:\/\/iapd.international\/wp-content\/uploads\/2019\/04\/1-4-1024x682.jpeg\" class=\"attachment-large size-large\" alt=\"\" srcset=\"https:\/\/iapd.international\/wp-content\/uploads\/2019\/04\/1-4-1024x682.jpeg 1024w, https:\/\/iapd.international\/wp-content\/uploads\/2019\/04\/1-4-300x200.jpeg 300w, https:\/\/iapd.international\/wp-content\/uploads\/2019\/04\/1-4-768x512.jpeg 768w, https:\/\/iapd.international\/wp-content\/uploads\/2019\/04\/1-4.jpeg 1280w\" sizes=\"(max-width: 1024px) 100vw, 1024px\" \/>\n\t\t\t<\/div><\/figure><figure class='gallery-item'>\n\t\t\t<div class='gallery-icon landscape'>\n\t\t\t\t<img loading=\"lazy\" decoding=\"async\" width=\"1024\" height=\"682\" src=\"https:\/\/iapd.international\/wp-content\/uploads\/2019\/04\/1-5-1024x682.jpeg\" class=\"attachment-large size-large\" alt=\"\" srcset=\"https:\/\/iapd.international\/wp-content\/uploads\/2019\/04\/1-5-1024x682.jpeg 1024w, https:\/\/iapd.international\/wp-content\/uploads\/2019\/04\/1-5-300x200.jpeg 300w, https:\/\/iapd.international\/wp-content\/uploads\/2019\/04\/1-5-768x512.jpeg 768w, https:\/\/iapd.international\/wp-content\/uploads\/2019\/04\/1-5.jpeg 1280w\" sizes=\"(max-width: 1024px) 100vw, 1024px\" \/>\n\t\t\t<\/div><\/figure>\n\t\t<\/div>\n\n<p dir=\"ltr\">&nbsp;<\/p>\n<p dir=\"ltr\">&nbsp;<\/p>\n<p dir=\"ltr\">&nbsp;<\/p>\n<p dir=\"ltr\">&nbsp;<\/p>","protected":false},"excerpt":{"rendered":"<p>Strat\u00e9gie antiterroriste mondiale des Nations Unies L\u2019Alliance internationale pour la paix et le d\u00e9veloppement a organis\u00e9 le 30 mars 2019 en Pologne un atelier intitul\u00e9 \u00ab La strat\u00e9gie antiterroriste mondiale des Nations Unies \u00bb, Dans le cadre de l\u2019Alliance internationale pour la paix et le d\u00e9veloppement, soucieuse de renoncer \u00e0 la violence, \u00e0 l\u2019extr\u00e9misme et au terrorisme, elle a mis l\u2019accent sur la promotion des valeurs de paix et [\u2026]<\/p>","protected":false},"author":1,"featured_media":354,"comment_status":"open","ping_status":"open","sticky":false,"template":"","format":"standard","meta":{"ngg_post_thumbnail":0,"footnotes":""},"categories":[17],"tags":[],"class_list":["post-329","post","type-post","status-publish","format-standard","has-post-thumbnail","hentry","category-publications-en"],"yoast_head":"<!-- This site is optimized with the Yoast SEO Premium plugin v19.3 (Yoast SEO v20.9) - https:\/\/yoast.com\/wordpress\/plugins\/seo\/ -->\n<title>The United Nations Global Counter-Terrorism Strategy - INTERNATIONAL ALLIANCE FOR PEACE AND DEVELOPMENT<\/title>\n<meta name=\"robots\" content=\"index, follow, max-snippet:-1, max-image-preview:large, max-video-preview:-1\" \/>\n<link rel=\"canonical\" href=\"https:\/\/iapd.international\/fr\/the-united-nations-global-counter-terrorism-strategy\/\" \/>\n<meta property=\"og:locale\" content=\"fr_FR\" \/>\n<meta property=\"og:type\" content=\"article\" \/>\n<meta property=\"og:title\" content=\"The United Nations Global Counter-Terrorism Strategy\" \/>\n<meta property=\"og:description\" content=\"The United Nations Global Counter-Terrorism Strategy International Alliance for peace and development did a workshop on 30 March 2019 in Poland entitled&#8221; The United Nations Global Counter-Terrorism Strategy &#8220;, In the context of International Alliance for peace and development concern renounce violence, extremism and terrorism and emphasizing on promotion of the values of peace and [&hellip;]\" \/>\n<meta property=\"og:url\" content=\"https:\/\/iapd.international\/fr\/the-united-nations-global-counter-terrorism-strategy\/\" \/>\n<meta property=\"og:site_name\" content=\"INTERNATIONAL ALLIANCE FOR PEACE AND DEVELOPMENT\" \/>\n<meta property=\"article:publisher\" content=\"https:\/\/www.facebook.com\/InternationalA.P.D\" \/>\n<meta property=\"article:published_time\" content=\"2019-04-03T15:39:35+00:00\" \/>\n<meta property=\"article:modified_time\" content=\"2019-04-04T16:22:17+00:00\" \/>\n<meta property=\"og:image\" content=\"https:\/\/iapd.international\/wp-content\/uploads\/2019\/04\/1-4.jpeg\" \/>\n\t<meta property=\"og:image:width\" content=\"1280\" \/>\n\t<meta property=\"og:image:height\" content=\"853\" \/>\n\t<meta property=\"og:image:type\" content=\"image\/jpeg\" \/>\n<meta name=\"author\" content=\"iapd\" \/>\n<meta name=\"twitter:card\" content=\"summary_large_image\" \/>\n<meta name=\"twitter:label1\" content=\"\u00c9crit par\" \/>\n\t<meta name=\"twitter:data1\" content=\"iapd\" \/>\n\t<meta name=\"twitter:label2\" content=\"Dur\u00e9e de lecture estim\u00e9e\" \/>\n\t<meta name=\"twitter:data2\" content=\"1 minute\" \/>\n<script type=\"application\/ld+json\" class=\"yoast-schema-graph\">{\"@context\":\"https:\/\/schema.org\",\"@graph\":[{\"@type\":\"Article\",\"@id\":\"https:\/\/iapd.international\/the-united-nations-global-counter-terrorism-strategy\/#article\",\"isPartOf\":{\"@id\":\"https:\/\/iapd.international\/the-united-nations-global-counter-terrorism-strategy\/\"},\"author\":{\"name\":\"iapd\",\"@id\":\"https:\/\/iapd.international\/#\/schema\/person\/d4253a5b397eb464176c90b7cc0a24f4\"},\"headline\":\"The United Nations Global Counter-Terrorism Strategy\",\"datePublished\":\"2019-04-03T15:39:35+00:00\",\"dateModified\":\"2019-04-04T16:22:17+00:00\",\"mainEntityOfPage\":{\"@id\":\"https:\/\/iapd.international\/the-united-nations-global-counter-terrorism-strategy\/\"},\"wordCount\":243,\"commentCount\":0,\"publisher\":{\"@id\":\"https:\/\/iapd.international\/#organization\"},\"articleSection\":[\"publications\"],\"inLanguage\":\"fr-FR\"},{\"@type\":\"WebPage\",\"@id\":\"https:\/\/iapd.international\/the-united-nations-global-counter-terrorism-strategy\/\",\"url\":\"https:\/\/iapd.international\/the-united-nations-global-counter-terrorism-strategy\/\",\"name\":\"The United Nations Global Counter-Terrorism Strategy - INTERNATIONAL ALLIANCE FOR PEACE AND DEVELOPMENT\",\"isPartOf\":{\"@id\":\"https:\/\/iapd.international\/#website\"},\"datePublished\":\"2019-04-03T15:39:35+00:00\",\"dateModified\":\"2019-04-04T16:22:17+00:00\",\"breadcrumb\":{\"@id\":\"https:\/\/iapd.international\/the-united-nations-global-counter-terrorism-strategy\/#breadcrumb\"},\"inLanguage\":\"fr-FR\",\"potentialAction\":[{\"@type\":\"ReadAction\",\"target\":[\"https:\/\/iapd.international\/the-united-nations-global-counter-terrorism-strategy\/\"]}]},{\"@type\":\"BreadcrumbList\",\"@id\":\"https:\/\/iapd.international\/the-united-nations-global-counter-terrorism-strategy\/#breadcrumb\",\"itemListElement\":[{\"@type\":\"ListItem\",\"position\":1,\"name\":\"Home\",\"item\":\"https:\/\/iapd.international\/en\/\"},{\"@type\":\"ListItem\",\"position\":2,\"name\":\"The United Nations Global Counter-Terrorism Strategy\"}]},{\"@type\":\"WebSite\",\"@id\":\"https:\/\/iapd.international\/#website\",\"url\":\"https:\/\/iapd.international\/\",\"name\":\"INTERNATIONAL ALLIANCE FOR PEACE AND DEVELOPMENT\",\"description\":\"IAPD\",\"publisher\":{\"@id\":\"https:\/\/iapd.international\/#organization\"},\"potentialAction\":[{\"@type\":\"SearchAction\",\"target\":{\"@type\":\"EntryPoint\",\"urlTemplate\":\"https:\/\/iapd.international\/?s={search_term_string}\"},\"query-input\":\"required name=search_term_string\"}],\"inLanguage\":\"fr-FR\"},{\"@type\":\"Organization\",\"@id\":\"https:\/\/iapd.international\/#organization\",\"name\":\"INTERNATIONAL ALLIANCE FOR PEACE AND DEVELOPMENT\",\"url\":\"https:\/\/iapd.international\/\",\"logo\":{\"@type\":\"ImageObject\",\"inLanguage\":\"fr-FR\",\"@id\":\"https:\/\/iapd.international\/#\/schema\/logo\/image\/\",\"url\":\"https:\/\/iapd.international\/wp-content\/uploads\/2024\/09\/150p.png\",\"contentUrl\":\"https:\/\/iapd.international\/wp-content\/uploads\/2024\/09\/150p.png\",\"width\":150,\"height\":150,\"caption\":\"INTERNATIONAL ALLIANCE FOR PEACE AND DEVELOPMENT\"},\"image\":{\"@id\":\"https:\/\/iapd.international\/#\/schema\/logo\/image\/\"},\"sameAs\":[\"https:\/\/www.facebook.com\/InternationalA.P.D\"]},{\"@type\":\"Person\",\"@id\":\"https:\/\/iapd.international\/#\/schema\/person\/d4253a5b397eb464176c90b7cc0a24f4\",\"name\":\"iapd\",\"image\":{\"@type\":\"ImageObject\",\"inLanguage\":\"fr-FR\",\"@id\":\"https:\/\/iapd.international\/#\/schema\/person\/image\/\",\"url\":\"https:\/\/secure.gravatar.com\/avatar\/513de6fb9b0c2ee0ada081a3a9c852bef1fd8a9358bcc5bc47c0db923a311880?s=96&d=mm&r=g\",\"contentUrl\":\"https:\/\/secure.gravatar.com\/avatar\/513de6fb9b0c2ee0ada081a3a9c852bef1fd8a9358bcc5bc47c0db923a311880?s=96&d=mm&r=g\",\"caption\":\"iapd\"},\"url\":\"https:\/\/iapd.international\/fr\/author\/iapd\/\"}]}<\/script>\n<!-- \/ Yoast SEO Premium plugin. -->","yoast_head_json":{"title":"The United Nations Global Counter-Terrorism Strategy - INTERNATIONAL ALLIANCE FOR PEACE AND DEVELOPMENT","robots":{"index":"index","follow":"follow","max-snippet":"max-snippet:-1","max-image-preview":"max-image-preview:large","max-video-preview":"max-video-preview:-1"},"canonical":"https:\/\/iapd.international\/fr\/the-united-nations-global-counter-terrorism-strategy\/","og_locale":"fr_FR","og_type":"article","og_title":"The United Nations Global Counter-Terrorism Strategy","og_description":"The United Nations Global Counter-Terrorism Strategy International Alliance for peace and development did a workshop on 30 March 2019 in Poland entitled&#8221; The United Nations Global Counter-Terrorism Strategy &#8220;, In the context of International Alliance for peace and development concern renounce violence, extremism and terrorism and emphasizing on promotion of the values of peace and [&hellip;]","og_url":"https:\/\/iapd.international\/fr\/the-united-nations-global-counter-terrorism-strategy\/","og_site_name":"INTERNATIONAL ALLIANCE FOR PEACE AND DEVELOPMENT","article_publisher":"https:\/\/www.facebook.com\/InternationalA.P.D","article_published_time":"2019-04-03T15:39:35+00:00","article_modified_time":"2019-04-04T16:22:17+00:00","og_image":[{"width":1280,"height":853,"url":"https:\/\/iapd.international\/wp-content\/uploads\/2019\/04\/1-4.jpeg","type":"image\/jpeg"}],"author":"iapd","twitter_card":"summary_large_image","twitter_misc":{"\u00c9crit par":"iapd","Dur\u00e9e de lecture estim\u00e9e":"1 minute"},"schema":{"@context":"https:\/\/schema.org","@graph":[{"@type":"Article","@id":"https:\/\/iapd.international\/the-united-nations-global-counter-terrorism-strategy\/#article","isPartOf":{"@id":"https:\/\/iapd.international\/the-united-nations-global-counter-terrorism-strategy\/"},"author":{"name":"iapd","@id":"https:\/\/iapd.international\/#\/schema\/person\/d4253a5b397eb464176c90b7cc0a24f4"},"headline":"The United Nations Global Counter-Terrorism Strategy","datePublished":"2019-04-03T15:39:35+00:00","dateModified":"2019-04-04T16:22:17+00:00","mainEntityOfPage":{"@id":"https:\/\/iapd.international\/the-united-nations-global-counter-terrorism-strategy\/"},"wordCount":243,"commentCount":0,"publisher":{"@id":"https:\/\/iapd.international\/#organization"},"articleSection":["publications"],"inLanguage":"fr-FR"},{"@type":"WebPage","@id":"https:\/\/iapd.international\/the-united-nations-global-counter-terrorism-strategy\/","url":"https:\/\/iapd.international\/the-united-nations-global-counter-terrorism-strategy\/","name":"The United Nations Global Counter-Terrorism Strategy - INTERNATIONAL ALLIANCE FOR PEACE AND DEVELOPMENT","isPartOf":{"@id":"https:\/\/iapd.international\/#website"},"datePublished":"2019-04-03T15:39:35+00:00","dateModified":"2019-04-04T16:22:17+00:00","breadcrumb":{"@id":"https:\/\/iapd.international\/the-united-nations-global-counter-terrorism-strategy\/#breadcrumb"},"inLanguage":"fr-FR","potentialAction":[{"@type":"ReadAction","target":["https:\/\/iapd.international\/the-united-nations-global-counter-terrorism-strategy\/"]}]},{"@type":"BreadcrumbList","@id":"https:\/\/iapd.international\/the-united-nations-global-counter-terrorism-strategy\/#breadcrumb","itemListElement":[{"@type":"ListItem","position":1,"name":"Home","item":"https:\/\/iapd.international\/en\/"},{"@type":"ListItem","position":2,"name":"The United Nations Global Counter-Terrorism Strategy"}]},{"@type":"WebSite","@id":"https:\/\/iapd.international\/#website","url":"https:\/\/iapd.international\/","name":"INTERNATIONAL ALLIANCE FOR PEACE AND DEVELOPMENT","description":"IAPD","publisher":{"@id":"https:\/\/iapd.international\/#organization"},"potentialAction":[{"@type":"SearchAction","target":{"@type":"EntryPoint","urlTemplate":"https:\/\/iapd.international\/?s={search_term_string}"},"query-input":"required name=search_term_string"}],"inLanguage":"fr-FR"},{"@type":"Organization","@id":"https:\/\/iapd.international\/#organization","name":"INTERNATIONAL ALLIANCE FOR PEACE AND DEVELOPMENT","url":"https:\/\/iapd.international\/","logo":{"@type":"ImageObject","inLanguage":"fr-FR","@id":"https:\/\/iapd.international\/#\/schema\/logo\/image\/","url":"https:\/\/iapd.international\/wp-content\/uploads\/2024\/09\/150p.png","contentUrl":"https:\/\/iapd.international\/wp-content\/uploads\/2024\/09\/150p.png","width":150,"height":150,"caption":"INTERNATIONAL ALLIANCE FOR PEACE AND DEVELOPMENT"},"image":{"@id":"https:\/\/iapd.international\/#\/schema\/logo\/image\/"},"sameAs":["https:\/\/www.facebook.com\/InternationalA.P.D"]},{"@type":"Person","@id":"https:\/\/iapd.international\/#\/schema\/person\/d4253a5b397eb464176c90b7cc0a24f4","name":"iapd","image":{"@type":"ImageObject","inLanguage":"fr-FR","@id":"https:\/\/iapd.international\/#\/schema\/person\/image\/","url":"https:\/\/secure.gravatar.com\/avatar\/513de6fb9b0c2ee0ada081a3a9c852bef1fd8a9358bcc5bc47c0db923a311880?s=96&d=mm&r=g","contentUrl":"https:\/\/secure.gravatar.com\/avatar\/513de6fb9b0c2ee0ada081a3a9c852bef1fd8a9358bcc5bc47c0db923a311880?s=96&d=mm&r=g","caption":"iapd"},"url":"https:\/\/iapd.international\/fr\/author\/iapd\/"}]}},"_links":{"self":[{"href":"https:\/\/iapd.international\/fr\/wp-json\/wp\/v2\/posts\/329","targetHints":{"allow":["GET"]}}],"collection":[{"href":"https:\/\/iapd.international\/fr\/wp-json\/wp\/v2\/posts"}],"about":[{"href":"https:\/\/iapd.international\/fr\/wp-json\/wp\/v2\/types\/post"}],"author":[{"embeddable":true,"href":"https:\/\/iapd.international\/fr\/wp-json\/wp\/v2\/users\/1"}],"replies":[{"embeddable":true,"href":"https:\/\/iapd.international\/fr\/wp-json\/wp\/v2\/comments?post=329"}],"version-history":[{"count":0,"href":"https:\/\/iapd.international\/fr\/wp-json\/wp\/v2\/posts\/329\/revisions"}],"wp:featuredmedia":[{"embeddable":true,"href":"https:\/\/iapd.international\/fr\/wp-json\/wp\/v2\/media\/354"}],"wp:attachment":[{"href":"https:\/\/iapd.international\/fr\/wp-json\/wp\/v2\/media?parent=329"}],"wp:term":[{"taxonomy":"category","embeddable":true,"href":"https:\/\/iapd.international\/fr\/wp-json\/wp\/v2\/categories?post=329"},{"taxonomy":"post_tag","embeddable":true,"href":"https:\/\/iapd.international\/fr\/wp-json\/wp\/v2\/tags?post=329"}],"curies":[{"name":"wp","href":"https:\/\/api.w.org\/{rel}","templated":true}]}}