{"id":378,"date":"2019-04-29T11:23:29","date_gmt":"2019-04-29T11:23:29","guid":{"rendered":"https:\/\/iapd.international\/?p=378"},"modified":"2019-06-08T10:58:44","modified_gmt":"2019-06-08T10:58:44","slug":"awareness-campaign-against-violence","status":"publish","type":"post","link":"https:\/\/iapd.international\/en\/awareness-campaign-against-violence\/","title":{"rendered":"Awareness Campaign Against Violence"},"content":{"rendered":"<p style=\"text-align: center;\"><span style=\"font-size: 16px;\"><strong>Awareness Campaign Against Violence <\/strong><\/span><\/p>\n<blockquote>\n<p style=\"text-align: justify;\"><span style=\"font-size: 16px;\">In the context of the International Alliance for Peace and Development concern on human rights issues and renounce the violations of human rights in all countries and raise the values of tolerance and peace, IAPD launches campaign against violence, hate speech and terrorism. IAPD has been in contact with youth from all over the world and how to face it and their opinions on this phenomenon.<\/span><\/p>\n<p style=\"text-align: justify;\"><span style=\"font-size: 16px;\">This campaign focus on all types of violence (violence against women\/ violence against children \/ violence against ethnic group\/ violence against minority people \u2026\u2026.) in addition to focus on hate speech and terrorism acts&nbsp;<\/span><\/p>\n<\/blockquote>\n<p><span style=\"font-size: 16px;\"><strong>IAPD tools <\/strong><\/span><\/p>\n<ul>\n<li><span style=\"font-size: 16px;\">Social media<\/span><\/li>\n<li><span style=\"font-size: 16px;\">Seminars in different countries<\/span><\/li>\n<li><span style=\"font-size: 16px;\">Workshops in different countries<\/span><\/li>\n<\/ul>\n<p><span style=\"font-size: 16px;\"><strong>Aimed <\/strong><\/span><\/p>\n<p><span style=\"font-size: 16px;\">Raising awareness to end the violence, hate speech and terrorism in all countries<\/span><\/p>\n<p>&nbsp;<\/p>\n<p><span style=\"font-size: 16px;\">1- How can we keep our self-safe from violence!?<\/span><\/p>\n<p><span style=\"font-size: 16px;\">Decide if you\u2019re in any immediate danger<\/span><br \/>\n<span style=\"font-size: 16px;\">How likely is it, that you will be hurt by someone?&nbsp;<\/span><br \/>\n<span style=\"font-size: 16px;\">Sometimes it\u2019s really hard to figure out the danger or risks yourself. If you\u2019re unsure about your safety, it so important to ensure your safety by getting away immediately from that situation.<\/span><br \/>\n<span style=\"font-size: 16px;\">And to confront the violence take these actions:<\/span><br \/>\n<span style=\"font-size: 16px;\">Report to police &amp; taking legal steps ( know the law in your area) can be helpful to confront to the violence.<\/span><br \/>\n<span style=\"font-size: 16px;\">Know what local resources are available.&nbsp;<\/span><br \/>\n<span style=\"font-size: 16px;\">Its depending on your city and state, there are different resources might be available to help a victim such as escaping a violent partner, pressing charges, finding temporary housing, or even relocate.<\/span><br \/>\n<span style=\"font-size: 16px;\">Document all acts of abuse that you experienced. It is really important to keep recording or documenting all acts of abuse and store them in a safe place.&nbsp;<\/span><br \/>\n<span style=\"font-size: 16px;\"><a href=\"https:\/\/www.facebook.com\/hashtag\/youth_against_violence?source=feed_text&amp;epa=HASHTAG&amp;__xts__%5B0%5D=68.ARDO21cv0_gHCCDMHELZIaCZgNaQj4ZJLDod-V0H6U30MYbTM881SZxs4CsYpzTY9kHbfWaQUzYcrGM-HBRr7J8ibyaKYmsF7XEXa3Dq7uKKxzfcno7v6jJgupIpHLdTkwuNvIOmFdxVeZ1D1g5PbX67W2qJogiR9Vy9J53RCsJv1enFI6hCaM_iCIR2yhs6Gl4-DAY9tQDf516S_C3rIyUsaDp6rk3eaLMPpgC_5neLYtiyDPWFL9nnseiEy0KyyRLuu77o0Whq6hzexnvTxCzZvOOkKCaiCtGlcrcuKpgy_PS9IeDi0MLyGKFMQMXpE4z7nm9Xom9pNGfIlifYfhkqaebm&amp;__tn__=%2ANK-R\">#Youth_against_violence<\/a><\/span><br \/>\n<span style=\"font-size: 16px;\"><a href=\"https:\/\/www.facebook.com\/hashtag\/iapd_against_violence?source=feed_text&amp;epa=HASHTAG&amp;__xts__%5B0%5D=68.ARDO21cv0_gHCCDMHELZIaCZgNaQj4ZJLDod-V0H6U30MYbTM881SZxs4CsYpzTY9kHbfWaQUzYcrGM-HBRr7J8ibyaKYmsF7XEXa3Dq7uKKxzfcno7v6jJgupIpHLdTkwuNvIOmFdxVeZ1D1g5PbX67W2qJogiR9Vy9J53RCsJv1enFI6hCaM_iCIR2yhs6Gl4-DAY9tQDf516S_C3rIyUsaDp6rk3eaLMPpgC_5neLYtiyDPWFL9nnseiEy0KyyRLuu77o0Whq6hzexnvTxCzZvOOkKCaiCtGlcrcuKpgy_PS9IeDi0MLyGKFMQMXpE4z7nm9Xom9pNGfIlifYfhkqaebm&amp;__tn__=%2ANK-R\">#IAPD_against_violence<\/a><\/span><\/p>\n<p><span style=\"font-size: 16px;\"><img fetchpriority=\"high\" decoding=\"async\" class=\"aligncenter wp-image-379\" src=\"https:\/\/iapd.international\/wp-content\/uploads\/2019\/04\/image001.jpg\" alt=\"\" width=\"400\" height=\"424\" srcset=\"https:\/\/iapd.international\/wp-content\/uploads\/2019\/04\/image001.jpg 344w, https:\/\/iapd.international\/wp-content\/uploads\/2019\/04\/image001-283x300.jpg 283w\" sizes=\"(max-width: 400px) 100vw, 400px\" \/><\/span><\/p>\n<p style=\"text-align: justify;\"><span style=\"font-size: 16px;\">2- Imagine all the people, living life in peace, disait John Lennon. Qui ne r\u00eaverait pas d&#8217;un monde sans violence, sans rejet de l&#8217;autre ? La pr\u00e9vention et la lutte contre la violence devraient constituer une priorit\u00e9 pour les gouvernements et la promotion de la paix dans le monde devrait \u00eatre l&#8217;\u0153uvre la plus noble \u00e0 r\u00e9aliser. Il faudra dire stop \u00e0 la banalisation des actes de violence ou de discrimination et la soci\u00e9t\u00e9 civile ainsi que les m\u00e9dias ont le plus grand r\u00f4le \u00e0 jouer ici.<\/span><\/p>\n<p><span style=\"font-size: 16px;\"><img decoding=\"async\" class=\"aligncenter wp-image-380\" src=\"https:\/\/iapd.international\/wp-content\/uploads\/2019\/04\/image002-815x1024.jpg\" alt=\"\" width=\"400\" height=\"502\" srcset=\"https:\/\/iapd.international\/wp-content\/uploads\/2019\/04\/image002-815x1024.jpg 815w, https:\/\/iapd.international\/wp-content\/uploads\/2019\/04\/image002-239x300.jpg 239w, https:\/\/iapd.international\/wp-content\/uploads\/2019\/04\/image002-768x965.jpg 768w, https:\/\/iapd.international\/wp-content\/uploads\/2019\/04\/image002.jpg 1019w\" sizes=\"(max-width: 400px) 100vw, 400px\" \/><\/span><\/p>\n<p>&nbsp;<\/p>\n<p><span style=\"font-size: 16px;\">3- Violence shapes and obsesses our society, and if we do not stop being violent we have no future.<\/span><br \/>\n<span style=\"font-size: 16px;\"><a href=\"https:\/\/www.facebook.com\/hashtag\/youth_against_violence?source=feed_text&amp;epa=HASHTAG\">#Youth_against_violence<\/a><\/span><br \/>\n<span style=\"font-size: 16px;\"><a href=\"https:\/\/www.facebook.com\/hashtag\/iapd_against_violence?source=feed_text&amp;epa=HASHTAG\">#IAPD_against_violence<\/a><\/span><\/p>\n<p><span style=\"font-size: 16px;\"><img decoding=\"async\" class=\"aligncenter wp-image-381\" src=\"https:\/\/iapd.international\/wp-content\/uploads\/2019\/04\/image003-815x1024.jpg\" alt=\"\" width=\"400\" height=\"502\" srcset=\"https:\/\/iapd.international\/wp-content\/uploads\/2019\/04\/image003-815x1024.jpg 815w, https:\/\/iapd.international\/wp-content\/uploads\/2019\/04\/image003-239x300.jpg 239w, https:\/\/iapd.international\/wp-content\/uploads\/2019\/04\/image003-768x965.jpg 768w, https:\/\/iapd.international\/wp-content\/uploads\/2019\/04\/image003.jpg 1019w\" sizes=\"(max-width: 400px) 100vw, 400px\" \/><\/span><\/p>\n<p>&nbsp;<\/p>\n<p><span style=\"font-size: 16px;\">4- Please, let the peace and love are on the Earth because there is more that unites us than divides us. We are the unique creatures when we are together&nbsp;<\/span><br \/>\n<span style=\"font-size: 16px;\"><a href=\"https:\/\/www.facebook.com\/hashtag\/youth_against_violence?source=feed_text&amp;epa=HASHTAG&amp;__xts__%5B0%5D=68.ARAUPUAA5A8nKmfehB99ISrtzwk_qt-6Eho2dPGZcXd07abXkjKDwuYOdpXPJDryA6NubCKjBL3nRJixApbqyB5yJhjQAzS5pn5CuJKrb3kuHaPl9GRoW6jiwtTCaNXQ2B8DhviPQ9d6MGhDCTbCWF-wq24vi_4XN3tWEUGFzgwfcwdaZMNTMJ2gAAM-egy-x-ix-TKSS-AglDEyY6NMPMkTtyS4e4_YvCMQckUl9IrJ1bTL_r18gxaa2yriVQ6xK3WwSZD9okBPu0ouwcJx91tNimzTV8HHHX0PPlBP20W4mhNVun3btsnw_tt3oLqsr97yYcO3mB6hOP33LhWnbvREt49v&amp;__tn__=%2ANK-R\">#Youth_against_violence<\/a><\/span><br \/>\n<span style=\"font-size: 16px;\"><a href=\"https:\/\/www.facebook.com\/hashtag\/iapd_against_violence?source=feed_text&amp;epa=HASHTAG&amp;__xts__%5B0%5D=68.ARAUPUAA5A8nKmfehB99ISrtzwk_qt-6Eho2dPGZcXd07abXkjKDwuYOdpXPJDryA6NubCKjBL3nRJixApbqyB5yJhjQAzS5pn5CuJKrb3kuHaPl9GRoW6jiwtTCaNXQ2B8DhviPQ9d6MGhDCTbCWF-wq24vi_4XN3tWEUGFzgwfcwdaZMNTMJ2gAAM-egy-x-ix-TKSS-AglDEyY6NMPMkTtyS4e4_YvCMQckUl9IrJ1bTL_r18gxaa2yriVQ6xK3WwSZD9okBPu0ouwcJx91tNimzTV8HHHX0PPlBP20W4mhNVun3btsnw_tt3oLqsr97yYcO3mB6hOP33LhWnbvREt49v&amp;__tn__=%2ANK-R\">#IAPD_against_violence<\/a><\/span><\/p>\n<p><span style=\"font-size: 16px;\"><img loading=\"lazy\" decoding=\"async\" class=\"aligncenter wp-image-382\" src=\"https:\/\/iapd.international\/wp-content\/uploads\/2019\/04\/image004-815x1024.jpg\" alt=\"\" width=\"400\" height=\"502\" srcset=\"https:\/\/iapd.international\/wp-content\/uploads\/2019\/04\/image004-815x1024.jpg 815w, https:\/\/iapd.international\/wp-content\/uploads\/2019\/04\/image004-239x300.jpg 239w, https:\/\/iapd.international\/wp-content\/uploads\/2019\/04\/image004-768x965.jpg 768w, https:\/\/iapd.international\/wp-content\/uploads\/2019\/04\/image004.jpg 1019w\" sizes=\"(max-width: 400px) 100vw, 400px\" \/><\/span><\/p>\n<p>&nbsp;<\/p>\n<p><span style=\"font-size: 16px;\">5- As a citizen of the 21st century I am not very pleased with hearing the following words in my everyday life. Namely &#8211; violence, hate speech and terrorism.&nbsp;<\/span><br \/>\n<span style=\"font-size: 16px;\">In a contemporary world, where we talk about peace, acceptance and happiness, we should all unite our skills and tackle the actual problems. It is unacceptable to let prejudiced theories lead our lives. We are all the same, we are humans, and the one and only solution can well be the education. Education is the key. When people are uneducated they tend to be narrow-minded. A quality, which brings its own negatives.&nbsp;<\/span><br \/>\n<span style=\"font-size: 16px;\">The present 21st century is a century of improvement and hope. We as its citizens should be fighting against the bad, against the evil, without fear. Because fear is used by the weak, in order to control. We must realize that the control is in our hands. No one can control our future! The future is ours.<\/span><br \/>\n<span style=\"font-size: 16px;\"><a href=\"https:\/\/www.facebook.com\/hashtag\/youth_against_violence?source=feed_text&amp;epa=HASHTAG&amp;__xts__%5B0%5D=68.ARB6Rmm_6OsL7V8lEtFevHR69h5mVuAuIyGnjS0gkozmeYZfv23mWH8e_VtXn9sms_8dB_V6-IH6KJ2kOxwapMe32bLMAR3ZgsuQgtga_O4a37Scwi0XPIUptSoH0jNQJxwcbtmxuzBtTBFs-MpcozddADb972MKDYLFbZdxHIyrhyRRP7I2s3wD4yN9LvgHWjKHYu0juB1wMShshEBIW6hHzWo-bVYZ5rcZBQtiuVx4HIBJP1s-J5om2JomykNzxtEFLYwTUBBDaGomg4hYV3b81h2esY6oVrUAiXzvX23xUXMHEMV8MbgcQlTn7jnwgqN8S_wr-2Z0dgsaTEJsqBDDi659&amp;__tn__=%2ANK-R\">#Youth_against_violence<\/a><\/span><br \/>\n<span style=\"font-size: 16px;\"><a href=\"https:\/\/www.facebook.com\/hashtag\/iapd_aanist_violence?source=feed_text&amp;epa=HASHTAG&amp;__xts__%5B0%5D=68.ARB6Rmm_6OsL7V8lEtFevHR69h5mVuAuIyGnjS0gkozmeYZfv23mWH8e_VtXn9sms_8dB_V6-IH6KJ2kOxwapMe32bLMAR3ZgsuQgtga_O4a37Scwi0XPIUptSoH0jNQJxwcbtmxuzBtTBFs-MpcozddADb972MKDYLFbZdxHIyrhyRRP7I2s3wD4yN9LvgHWjKHYu0juB1wMShshEBIW6hHzWo-bVYZ5rcZBQtiuVx4HIBJP1s-J5om2JomykNzxtEFLYwTUBBDaGomg4hYV3b81h2esY6oVrUAiXzvX23xUXMHEMV8MbgcQlTn7jnwgqN8S_wr-2Z0dgsaTEJsqBDDi659&amp;__tn__=%2ANK-R\">#IAPD_aanist_violence<\/a><\/span><\/p>\n<p><span style=\"font-size: 16px;\"><img loading=\"lazy\" decoding=\"async\" class=\"aligncenter wp-image-383\" src=\"https:\/\/iapd.international\/wp-content\/uploads\/2019\/04\/image005.jpg\" alt=\"\" width=\"400\" height=\"503\" srcset=\"https:\/\/iapd.international\/wp-content\/uploads\/2019\/04\/image005.jpg 764w, https:\/\/iapd.international\/wp-content\/uploads\/2019\/04\/image005-239x300.jpg 239w\" sizes=\"(max-width: 400px) 100vw, 400px\" \/><\/span><\/p>\n<p style=\"text-align: justify;\"><span style=\"font-size: 16px;\">6- In last 15 years I have visited almost 40 countries and I am pretty sure that in absolutely all of them violence exists. It means that it is a kind of pandemic. But some countries have strategies how to avoid disrespectful behaviors, so violence appear there in very specific situations. Every human should start to give a good example from himself. We should treat people exactly in the same way how we want to be treated. Change has to start from ourself, in our souls. If we don&#8217;t respect the other people, do we have a law to expect respect from them? I don&#8217;t think so..<\/span><br \/>\n<span style=\"font-size: 16px;\"><a href=\"https:\/\/www.facebook.com\/hashtag\/youth_against_violence?source=feed_text&amp;epa=HASHTAG&amp;__xts__%5B0%5D=68.ARB0oWtKDPt6UcG23tp5f5scxPbvIE8SY_TVqBBb-uemdkTSN8Hb8M3Ni8JciG2qKbWPnE0wd1qivB9nzkEmPAWyZWprhzb_SFyYc2E6OUS9rapMKLZdvCKvHBeEYCmv2x6M0RdXbMlAw5Y6VGzcDFWXn59n50E9aqv5Dbe4j8a3HdqH6atxr6RN2BjIAJDQWzMPsjnDALgA33EPLrlKulCxIykRysXOTfNM_ilGXJ1Z4WO5zm1JL499K6XkTe2chEI8NT7fL3DMzkiYrAupRJZ3nw58oZXe-GGm1Q0OS6Ix7vxffc9e6flh5QVlKrE2bvmWDN_5R2hdg0nI1vn_p1jMzMug&amp;__tn__=%2ANK-R\">#Youth_against_violence<\/a><\/span><br \/>\n<span style=\"font-size: 16px;\"><a href=\"https:\/\/www.facebook.com\/hashtag\/iapd_against_violence?source=feed_text&amp;epa=HASHTAG&amp;__xts__%5B0%5D=68.ARB0oWtKDPt6UcG23tp5f5scxPbvIE8SY_TVqBBb-uemdkTSN8Hb8M3Ni8JciG2qKbWPnE0wd1qivB9nzkEmPAWyZWprhzb_SFyYc2E6OUS9rapMKLZdvCKvHBeEYCmv2x6M0RdXbMlAw5Y6VGzcDFWXn59n50E9aqv5Dbe4j8a3HdqH6atxr6RN2BjIAJDQWzMPsjnDALgA33EPLrlKulCxIykRysXOTfNM_ilGXJ1Z4WO5zm1JL499K6XkTe2chEI8NT7fL3DMzkiYrAupRJZ3nw58oZXe-GGm1Q0OS6Ix7vxffc9e6flh5QVlKrE2bvmWDN_5R2hdg0nI1vn_p1jMzMug&amp;__tn__=%2ANK-R\">#IAPD_against_violence<\/a><\/span><\/p>\n<p><span style=\"font-size: 16px;\"><img loading=\"lazy\" decoding=\"async\" class=\"aligncenter wp-image-384\" src=\"https:\/\/iapd.international\/wp-content\/uploads\/2019\/04\/image007-823x1024.jpg\" alt=\"\" width=\"400\" height=\"498\" srcset=\"https:\/\/iapd.international\/wp-content\/uploads\/2019\/04\/image007-823x1024.jpg 823w, https:\/\/iapd.international\/wp-content\/uploads\/2019\/04\/image007-241x300.jpg 241w, https:\/\/iapd.international\/wp-content\/uploads\/2019\/04\/image007-768x955.jpg 768w, https:\/\/iapd.international\/wp-content\/uploads\/2019\/04\/image007.jpg 1029w\" sizes=\"(max-width: 400px) 100vw, 400px\" \/><\/span><\/p>\n<p><span style=\"font-size: 16px;\">7- The strongest men are those who control their anger. Those who practice violence to the women, who give birth to us, are weak.<\/span><br \/>\n<span style=\"font-size: 16px;\"><a href=\"https:\/\/www.facebook.com\/hashtag\/youth_against_violence?source=feed_text&amp;epa=HASHTAG\">#youth_against_violence<\/a><\/span><br \/>\n<span style=\"font-size: 16px;\"><a href=\"https:\/\/www.facebook.com\/hashtag\/iapd_against_violence?source=feed_text&amp;epa=HASHTAG\">#IAPD_against_violence<\/a><\/span><\/p>\n<p><span style=\"font-size: 16px;\"><img loading=\"lazy\" decoding=\"async\" class=\"aligncenter wp-image-385\" src=\"https:\/\/iapd.international\/wp-content\/uploads\/2019\/04\/image008-815x1024.jpg\" alt=\"\" width=\"400\" height=\"502\" srcset=\"https:\/\/iapd.international\/wp-content\/uploads\/2019\/04\/image008-815x1024.jpg 815w, https:\/\/iapd.international\/wp-content\/uploads\/2019\/04\/image008-239x300.jpg 239w, https:\/\/iapd.international\/wp-content\/uploads\/2019\/04\/image008-768x965.jpg 768w, https:\/\/iapd.international\/wp-content\/uploads\/2019\/04\/image008.jpg 1019w\" sizes=\"(max-width: 400px) 100vw, 400px\" \/><\/span><\/p>\n<p><span style=\"font-size: 16px;\">8- Ena Markovic&nbsp;<\/span><br \/>\n<span style=\"font-size: 16px;\">from Croatia<\/span><br \/>\n<span style=\"font-size: 16px;\">By educating youth how to express their thoughts and feelings, ask for their needs and wants, we can significantly reduce violence.<\/span><br \/>\n<span style=\"font-size: 16px;\"><a href=\"https:\/\/www.facebook.com\/hashtag\/youth_aganist_violence?source=feed_text&amp;epa=HASHTAG&amp;__xts__%5B0%5D=68.ARDTIz5GX_c1HxpnhvsdodSYx-5zoIC50LzxdYf-YYTZJUOd91yDjo36IONnXPJwy1UrvRXfo228JzF_qTHN-yyYLednHMxwHA7emvjRGM3fT9vbWi_cTE4150IHubRb8YcumYKRLudzB8IwOXiFUc76UiPaAIRDsHS3EGmGZyL6HnrXRnGKvVl1nzpdDRo84iwYuXTtA2nm1ZVyYfvYgki9wQkxpFqnmolfuFQ3TliAxqmCtRGVgduKmYadR6s8IBEpDfwVLo3h1mbVhcU3aTbsWIdF_xTh1le2Zf1ONoj1dixGJRarI3-JwwJj0f9UwmJ9mPbgDSpxLc9d4LZsbE4JG4HF&amp;__tn__=%2ANK-R\">#Youth_aganist_violence<\/a><\/span><br \/>\n<span style=\"font-size: 16px;\"><a href=\"https:\/\/www.facebook.com\/hashtag\/iapd_aganist_violence?source=feed_text&amp;epa=HASHTAG&amp;__xts__%5B0%5D=68.ARDTIz5GX_c1HxpnhvsdodSYx-5zoIC50LzxdYf-YYTZJUOd91yDjo36IONnXPJwy1UrvRXfo228JzF_qTHN-yyYLednHMxwHA7emvjRGM3fT9vbWi_cTE4150IHubRb8YcumYKRLudzB8IwOXiFUc76UiPaAIRDsHS3EGmGZyL6HnrXRnGKvVl1nzpdDRo84iwYuXTtA2nm1ZVyYfvYgki9wQkxpFqnmolfuFQ3TliAxqmCtRGVgduKmYadR6s8IBEpDfwVLo3h1mbVhcU3aTbsWIdF_xTh1le2Zf1ONoj1dixGJRarI3-JwwJj0f9UwmJ9mPbgDSpxLc9d4LZsbE4JG4HF&amp;__tn__=%2ANK-R\">#IAPD_aganist_violence<\/a><\/span><\/p>\n<p><span style=\"font-size: 16px;\"><img loading=\"lazy\" decoding=\"async\" class=\"aligncenter wp-image-386\" src=\"https:\/\/iapd.international\/wp-content\/uploads\/2019\/04\/image009.jpg\" alt=\"\" width=\"400\" height=\"266\" srcset=\"https:\/\/iapd.international\/wp-content\/uploads\/2019\/04\/image009.jpg 960w, https:\/\/iapd.international\/wp-content\/uploads\/2019\/04\/image009-300x199.jpg 300w, https:\/\/iapd.international\/wp-content\/uploads\/2019\/04\/image009-768x510.jpg 768w\" sizes=\"(max-width: 400px) 100vw, 400px\" \/><\/span><\/p>\n<p>&nbsp;<\/p>\n<blockquote><p><span style=\"font-size: 16px;\">Caught in between all the ongoing struggles for influence in our lives, we ourselves have the continuous responsibility to ensure our peace, freedom and comfort; to work hard for our goals and better future; to further educate ourselves; to help others we care about; and to stay vigilant and resilient when facing the difficulties in our way<\/span><\/p><\/blockquote>\n<p><span style=\"font-size: 16px;\"><img loading=\"lazy\" decoding=\"async\" class=\"aligncenter wp-image-412\" src=\"https:\/\/iapd.international\/wp-content\/uploads\/2019\/06\/image001-239x300.jpg\" alt=\"\" width=\"400\" height=\"502\" srcset=\"https:\/\/iapd.international\/wp-content\/uploads\/2019\/06\/image001-239x300.jpg 239w, https:\/\/iapd.international\/wp-content\/uploads\/2019\/06\/image001-768x965.jpg 768w, https:\/\/iapd.international\/wp-content\/uploads\/2019\/06\/image001-815x1024.jpg 815w, https:\/\/iapd.international\/wp-content\/uploads\/2019\/06\/image001.jpg 1019w\" sizes=\"(max-width: 400px) 100vw, 400px\" \/><\/span><\/p>\n<blockquote>\n<p style=\"text-align: justify;\"><span style=\"font-size: 16px;\">Violent and aggressive people believe they have several reasons to support their behavior. They believe that violence is logical and justified due to the circumstances they have to face. Violence is always bad and education is a remedy against violence<\/span><br \/>\n<span style=\"font-size: 16px;\"><a href=\"https:\/\/www.facebook.com\/hashtag\/youth_against_violence?source=feed_text&amp;epa=HASHTAG&amp;__xts__%5B0%5D=68.ARALvLfqGn_IATu0CvmoWkAWa6OMzD6K666zAoWSjp3V3R0grpQi9zesp1cWCdhvs4ugFGCEZcsbaF6VQUmzuS39E66qtsOb5axLbbrfRSEXEkcnsbfRHyY701sbgoU7vrE1tdfyEGGEIaUQkJbw1ifjrTBOMWeRejN55CTj5vgVHMNJDuAAtXZHEGKucAKjWsvniWm1Gta1Qw3mEG1T47TSJ601NJ4uO0fkPHv9NrIYMjZxhtE2Ykx-FFgIOOgorVPFKigDxFZZ9hSljGtgDenMA-OC4TdelyFEt0gUtb8LTuSikAD7iMEPgZEQ7pyD_JEL3LTOBAApllMiMNW_H7j3OS5K&amp;__tn__=%2ANK-R\">#Youth_against_violence<\/a><\/span><br \/>\n<span style=\"font-size: 16px;\"><a href=\"https:\/\/www.facebook.com\/hashtag\/iapd_against_violence?source=feed_text&amp;epa=HASHTAG&amp;__xts__%5B0%5D=68.ARALvLfqGn_IATu0CvmoWkAWa6OMzD6K666zAoWSjp3V3R0grpQi9zesp1cWCdhvs4ugFGCEZcsbaF6VQUmzuS39E66qtsOb5axLbbrfRSEXEkcnsbfRHyY701sbgoU7vrE1tdfyEGGEIaUQkJbw1ifjrTBOMWeRejN55CTj5vgVHMNJDuAAtXZHEGKucAKjWsvniWm1Gta1Qw3mEG1T47TSJ601NJ4uO0fkPHv9NrIYMjZxhtE2Ykx-FFgIOOgorVPFKigDxFZZ9hSljGtgDenMA-OC4TdelyFEt0gUtb8LTuSikAD7iMEPgZEQ7pyD_JEL3LTOBAApllMiMNW_H7j3OS5K&amp;__tn__=%2ANK-R\">#IAPD_against_violence<\/a><\/span><\/p>\n<\/blockquote>\n<p><span style=\"font-size: 16px;\"><img loading=\"lazy\" decoding=\"async\" class=\"aligncenter wp-image-413\" src=\"https:\/\/iapd.international\/wp-content\/uploads\/2019\/06\/image003-239x300.jpg\" alt=\"\" width=\"400\" height=\"502\" srcset=\"https:\/\/iapd.international\/wp-content\/uploads\/2019\/06\/image003-239x300.jpg 239w, https:\/\/iapd.international\/wp-content\/uploads\/2019\/06\/image003-768x965.jpg 768w, https:\/\/iapd.international\/wp-content\/uploads\/2019\/06\/image003-815x1024.jpg 815w, https:\/\/iapd.international\/wp-content\/uploads\/2019\/06\/image003.jpg 1019w\" sizes=\"(max-width: 400px) 100vw, 400px\" \/><\/span><\/p>\n<p>&nbsp;<\/p>\n<blockquote><p><span style=\"font-size: 16px;\">Today we stand at a tipping point, gender based violence has been redefined to an even trickier place but I believe that when our voices come together, it is possible to challenge the historical power imbalances and affect lasting change.Gender based violence must stop, let&#8217;s all speak out.<a href=\"https:\/\/www.facebook.com\/hashtag\/youth_against_violence?source=feed_text&amp;epa=HASHTAG&amp;__xts__%5B0%5D=68.ARBOej_gY8oAJVMIis5dGekjd8NRUfmLPA6gcAT98NGViYgu5i5p10PqkJfZW8Ba8h12U81Gvl9tSEJplqKRtGIOHV6OxDDz9IxJIpSCU69LhJPTDj-MnNCKwJg1BHf3c_ICM2FQvOM_KxMyAujgNSPRhDZfMJ1PQOf9oDcACUdhyxcp8qXH3CUQuWhLuUcaBIea_EloqyqSe0_xi8Qp5q0g6JV_aw7Tv8JF6bljNz7QBjKx7jFSWBg6Cfmd0_W-Vm17BJICE8t_8gbXgsznADYRyfxp2HsGOJqx92m7sp-jziKDYsBdeYyIak9LJMb5ojhJcvD34i6b_MD0w-yriNiejYyv&amp;__tn__=%2ANK-R\">#Youth_against_violence<\/a><a href=\"https:\/\/www.facebook.com\/hashtag\/iapd_against_violence?source=feed_text&amp;epa=HASHTAG&amp;__xts__%5B0%5D=68.ARBOej_gY8oAJVMIis5dGekjd8NRUfmLPA6gcAT98NGViYgu5i5p10PqkJfZW8Ba8h12U81Gvl9tSEJplqKRtGIOHV6OxDDz9IxJIpSCU69LhJPTDj-MnNCKwJg1BHf3c_ICM2FQvOM_KxMyAujgNSPRhDZfMJ1PQOf9oDcACUdhyxcp8qXH3CUQuWhLuUcaBIea_EloqyqSe0_xi8Qp5q0g6JV_aw7Tv8JF6bljNz7QBjKx7jFSWBg6Cfmd0_W-Vm17BJICE8t_8gbXgsznADYRyfxp2HsGOJqx92m7sp-jziKDYsBdeYyIak9LJMb5ojhJcvD34i6b_MD0w-yriNiejYyv&amp;__tn__=%2ANK-R\">#IAPD_against_violence<\/a><\/span><\/p><\/blockquote>\n<p><span style=\"font-size: 16px;\"><img loading=\"lazy\" decoding=\"async\" class=\"aligncenter wp-image-414\" src=\"https:\/\/iapd.international\/wp-content\/uploads\/2019\/06\/image005-239x300.jpg\" alt=\"\" width=\"400\" height=\"502\" srcset=\"https:\/\/iapd.international\/wp-content\/uploads\/2019\/06\/image005-239x300.jpg 239w, https:\/\/iapd.international\/wp-content\/uploads\/2019\/06\/image005-768x965.jpg 768w, https:\/\/iapd.international\/wp-content\/uploads\/2019\/06\/image005-815x1024.jpg 815w, https:\/\/iapd.international\/wp-content\/uploads\/2019\/06\/image005.jpg 1019w\" sizes=\"(max-width: 400px) 100vw, 400px\" \/><\/span><\/p>\n<p>&nbsp;<\/p>\n<blockquote><p><span style=\"font-size: 16px;\">Violence against women is a phenomenon that on a global scale is defined as a violation of human rights. This is not something that affects only women , but undermines equality and acts as an obstacle to the development of a democratic society.<a href=\"https:\/\/www.facebook.com\/hashtag\/youth_against_violence?source=feed_text&amp;epa=HASHTAG&amp;__xts__%5B0%5D=68.ARCpJQTjZht_LSkB9_uwO3-KFwbZ7iQaYaXknDQTowKK63Kyv1YBoH5ik8LiQEdRFZ9IxiNHVZ8AjCZedle1WK835hUFOjSekwupshJNhMFLgqvszw8zqdsinWJMsEjevOGVS_Fub1YKEB4cgMR1uyqpf0s8X2Gxp979XVQCbP2-hplzKTjHuie7U-IZN8z2dqTz_A8a-TnDgZ2sHNX4Ep7GYOZ2vcRutFjw9uiBbrqegWbiYBbZDMsdIB6jGkUZgyiY3Bcf2T3VoZFct47O8k3LTPmOcTP_tzWSNiJwjRGSmNqSr5AcEbNWRE9AWmOIHvOwDX9inutoEr9oD1yGvyUOrToU&amp;__tn__=%2ANK-R\">#Youth_against_violence<\/a><a href=\"https:\/\/www.facebook.com\/hashtag\/iapd_against_violence?source=feed_text&amp;epa=HASHTAG&amp;__xts__%5B0%5D=68.ARCpJQTjZht_LSkB9_uwO3-KFwbZ7iQaYaXknDQTowKK63Kyv1YBoH5ik8LiQEdRFZ9IxiNHVZ8AjCZedle1WK835hUFOjSekwupshJNhMFLgqvszw8zqdsinWJMsEjevOGVS_Fub1YKEB4cgMR1uyqpf0s8X2Gxp979XVQCbP2-hplzKTjHuie7U-IZN8z2dqTz_A8a-TnDgZ2sHNX4Ep7GYOZ2vcRutFjw9uiBbrqegWbiYBbZDMsdIB6jGkUZgyiY3Bcf2T3VoZFct47O8k3LTPmOcTP_tzWSNiJwjRGSmNqSr5AcEbNWRE9AWmOIHvOwDX9inutoEr9oD1yGvyUOrToU&amp;__tn__=%2ANK-R\">#IAPD_against_violence<\/a><\/span><\/p><\/blockquote>\n<p><span style=\"font-size: 16px;\"><img loading=\"lazy\" decoding=\"async\" class=\"aligncenter wp-image-415\" src=\"https:\/\/iapd.international\/wp-content\/uploads\/2019\/06\/image007-239x300.jpg\" alt=\"\" width=\"400\" height=\"502\" srcset=\"https:\/\/iapd.international\/wp-content\/uploads\/2019\/06\/image007-239x300.jpg 239w, https:\/\/iapd.international\/wp-content\/uploads\/2019\/06\/image007.jpg 765w\" sizes=\"(max-width: 400px) 100vw, 400px\" \/><\/span><\/p>\n<blockquote><p><span style=\"font-size: 16px;\">Les violences contre les femmes sont l&#8217;une des violations des droits humains les plus r\u00e9pandues dans le monde et pourtant les moins reconnues.<\/span><br \/>\n<span style=\"font-size: 16px;\">1 femme sur 3 est victime de violences au cours de sa vie (coups, viol, abus), soit 1 milliard de femmes \u00e0 travers le monde. Les violences faites aux femmes ne comprennent pas seulement les insultes ou les coups, elles signifient \u00e9galement des droits d\u00e9nigr\u00e9s, des opportunit\u00e9s limit\u00e9es et des voix r\u00e9duites au silence.<\/span><br \/>\n<span style=\"font-size: 16px;\">Ne rien faire \u00e9quivaut \u00e0 se taire et \u00e0 cautionner ce fl\u00e9au.<\/span><br \/>\n<span style=\"font-size: 16px;\">DITES NON AUX VIOLENCES FAITES AUX FEMMES<\/span><\/p><\/blockquote>\n<p style=\"text-align: justify;\">&nbsp;<\/p>\n<p style=\"text-align: justify;\"><span style=\"font-size: 16px;\"><img loading=\"lazy\" decoding=\"async\" class=\"aligncenter wp-image-416\" src=\"https:\/\/iapd.international\/wp-content\/uploads\/2019\/06\/image009-239x300.jpg\" alt=\"\" width=\"400\" height=\"503\" srcset=\"https:\/\/iapd.international\/wp-content\/uploads\/2019\/06\/image009-239x300.jpg 239w, https:\/\/iapd.international\/wp-content\/uploads\/2019\/06\/image009.jpg 764w\" sizes=\"(max-width: 400px) 100vw, 400px\" \/><\/span><\/p>\n","protected":false},"excerpt":{"rendered":"<p>Awareness Campaign Against Violence In the context of the International Alliance for Peace and Development concern on human rights issues and renounce the violations of human rights in all countries and raise the values of tolerance and peace, IAPD launches campaign against violence, hate speech and terrorism. IAPD has been in contact with youth from [&hellip;]<\/p>\n","protected":false},"author":1,"featured_media":387,"comment_status":"open","ping_status":"open","sticky":false,"template":"","format":"standard","meta":{"ngg_post_thumbnail":0,"footnotes":""},"categories":[44],"tags":[],"class_list":["post-378","post","type-post","status-publish","format-standard","has-post-thumbnail","hentry","category-campaigns"],"yoast_head":"<!-- This site is optimized with the Yoast SEO Premium plugin v19.3 (Yoast SEO v20.9) - https:\/\/yoast.com\/wordpress\/plugins\/seo\/ -->\n<title>Awareness Campaign Against Violence - INTERNATIONAL ALLIANCE FOR PEACE AND DEVELOPMENT<\/title>\n<meta name=\"robots\" content=\"index, follow, max-snippet:-1, max-image-preview:large, max-video-preview:-1\" \/>\n<link rel=\"canonical\" href=\"https:\/\/iapd.international\/en\/awareness-campaign-against-violence\/\" \/>\n<meta property=\"og:locale\" content=\"en_US\" \/>\n<meta property=\"og:type\" content=\"article\" \/>\n<meta property=\"og:title\" content=\"Awareness Campaign Against Violence\" \/>\n<meta property=\"og:description\" content=\"Awareness Campaign Against Violence In the context of the International Alliance for Peace and Development concern on human rights issues and renounce the violations of human rights in all countries and raise the values of tolerance and peace, IAPD launches campaign against violence, hate speech and terrorism. IAPD has been in contact with youth from [&hellip;]\" \/>\n<meta property=\"og:url\" content=\"https:\/\/iapd.international\/en\/awareness-campaign-against-violence\/\" \/>\n<meta property=\"og:site_name\" content=\"INTERNATIONAL ALLIANCE FOR PEACE AND DEVELOPMENT\" \/>\n<meta property=\"article:publisher\" content=\"https:\/\/www.facebook.com\/InternationalA.P.D\" \/>\n<meta property=\"article:published_time\" content=\"2019-04-29T11:23:29+00:00\" \/>\n<meta property=\"article:modified_time\" content=\"2019-06-08T10:58:44+00:00\" \/>\n<meta property=\"og:image\" content=\"https:\/\/iapd.international\/wp-content\/uploads\/2019\/04\/No-Violence-Sign.jpg-392x586.jpg\" \/>\n\t<meta property=\"og:image:width\" content=\"300\" \/>\n\t<meta property=\"og:image:height\" content=\"300\" \/>\n\t<meta property=\"og:image:type\" content=\"image\/jpeg\" \/>\n<meta name=\"author\" content=\"iapd\" \/>\n<meta name=\"twitter:card\" content=\"summary_large_image\" \/>\n<meta name=\"twitter:label1\" content=\"Written by\" \/>\n\t<meta name=\"twitter:data1\" content=\"iapd\" \/>\n\t<meta name=\"twitter:label2\" content=\"Est. reading time\" \/>\n\t<meta name=\"twitter:data2\" content=\"5 minutes\" \/>\n<script type=\"application\/ld+json\" class=\"yoast-schema-graph\">{\"@context\":\"https:\/\/schema.org\",\"@graph\":[{\"@type\":\"Article\",\"@id\":\"https:\/\/iapd.international\/awareness-campaign-against-violence\/#article\",\"isPartOf\":{\"@id\":\"https:\/\/iapd.international\/awareness-campaign-against-violence\/\"},\"author\":{\"name\":\"iapd\",\"@id\":\"https:\/\/iapd.international\/#\/schema\/person\/d4253a5b397eb464176c90b7cc0a24f4\"},\"headline\":\"Awareness Campaign Against Violence\",\"datePublished\":\"2019-04-29T11:23:29+00:00\",\"dateModified\":\"2019-06-08T10:58:44+00:00\",\"mainEntityOfPage\":{\"@id\":\"https:\/\/iapd.international\/awareness-campaign-against-violence\/\"},\"wordCount\":1108,\"commentCount\":0,\"publisher\":{\"@id\":\"https:\/\/iapd.international\/#organization\"},\"articleSection\":[\"Campaigns\"],\"inLanguage\":\"en-US\"},{\"@type\":\"WebPage\",\"@id\":\"https:\/\/iapd.international\/awareness-campaign-against-violence\/\",\"url\":\"https:\/\/iapd.international\/awareness-campaign-against-violence\/\",\"name\":\"Awareness Campaign Against Violence - INTERNATIONAL ALLIANCE FOR PEACE AND DEVELOPMENT\",\"isPartOf\":{\"@id\":\"https:\/\/iapd.international\/#website\"},\"datePublished\":\"2019-04-29T11:23:29+00:00\",\"dateModified\":\"2019-06-08T10:58:44+00:00\",\"breadcrumb\":{\"@id\":\"https:\/\/iapd.international\/awareness-campaign-against-violence\/#breadcrumb\"},\"inLanguage\":\"en-US\",\"potentialAction\":[{\"@type\":\"ReadAction\",\"target\":[\"https:\/\/iapd.international\/awareness-campaign-against-violence\/\"]}]},{\"@type\":\"BreadcrumbList\",\"@id\":\"https:\/\/iapd.international\/awareness-campaign-against-violence\/#breadcrumb\",\"itemListElement\":[{\"@type\":\"ListItem\",\"position\":1,\"name\":\"Home\",\"item\":\"https:\/\/iapd.international\/en\/\"},{\"@type\":\"ListItem\",\"position\":2,\"name\":\"Awareness Campaign Against Violence\"}]},{\"@type\":\"WebSite\",\"@id\":\"https:\/\/iapd.international\/#website\",\"url\":\"https:\/\/iapd.international\/\",\"name\":\"INTERNATIONAL ALLIANCE FOR PEACE AND DEVELOPMENT\",\"description\":\"IAPD\",\"publisher\":{\"@id\":\"https:\/\/iapd.international\/#organization\"},\"potentialAction\":[{\"@type\":\"SearchAction\",\"target\":{\"@type\":\"EntryPoint\",\"urlTemplate\":\"https:\/\/iapd.international\/?s={search_term_string}\"},\"query-input\":\"required name=search_term_string\"}],\"inLanguage\":\"en-US\"},{\"@type\":\"Organization\",\"@id\":\"https:\/\/iapd.international\/#organization\",\"name\":\"INTERNATIONAL ALLIANCE FOR PEACE AND DEVELOPMENT\",\"url\":\"https:\/\/iapd.international\/\",\"logo\":{\"@type\":\"ImageObject\",\"inLanguage\":\"en-US\",\"@id\":\"https:\/\/iapd.international\/#\/schema\/logo\/image\/\",\"url\":\"https:\/\/iapd.international\/wp-content\/uploads\/2024\/09\/150p.png\",\"contentUrl\":\"https:\/\/iapd.international\/wp-content\/uploads\/2024\/09\/150p.png\",\"width\":150,\"height\":150,\"caption\":\"INTERNATIONAL ALLIANCE FOR PEACE AND DEVELOPMENT\"},\"image\":{\"@id\":\"https:\/\/iapd.international\/#\/schema\/logo\/image\/\"},\"sameAs\":[\"https:\/\/www.facebook.com\/InternationalA.P.D\"]},{\"@type\":\"Person\",\"@id\":\"https:\/\/iapd.international\/#\/schema\/person\/d4253a5b397eb464176c90b7cc0a24f4\",\"name\":\"iapd\",\"image\":{\"@type\":\"ImageObject\",\"inLanguage\":\"en-US\",\"@id\":\"https:\/\/iapd.international\/#\/schema\/person\/image\/\",\"url\":\"https:\/\/secure.gravatar.com\/avatar\/513de6fb9b0c2ee0ada081a3a9c852bef1fd8a9358bcc5bc47c0db923a311880?s=96&d=mm&r=g\",\"contentUrl\":\"https:\/\/secure.gravatar.com\/avatar\/513de6fb9b0c2ee0ada081a3a9c852bef1fd8a9358bcc5bc47c0db923a311880?s=96&d=mm&r=g\",\"caption\":\"iapd\"},\"url\":\"https:\/\/iapd.international\/en\/author\/iapd\/\"}]}<\/script>\n<!-- \/ Yoast SEO Premium plugin. -->","yoast_head_json":{"title":"Awareness Campaign Against Violence - INTERNATIONAL ALLIANCE FOR PEACE AND DEVELOPMENT","robots":{"index":"index","follow":"follow","max-snippet":"max-snippet:-1","max-image-preview":"max-image-preview:large","max-video-preview":"max-video-preview:-1"},"canonical":"https:\/\/iapd.international\/en\/awareness-campaign-against-violence\/","og_locale":"en_US","og_type":"article","og_title":"Awareness Campaign Against Violence","og_description":"Awareness Campaign Against Violence In the context of the International Alliance for Peace and Development concern on human rights issues and renounce the violations of human rights in all countries and raise the values of tolerance and peace, IAPD launches campaign against violence, hate speech and terrorism. IAPD has been in contact with youth from [&hellip;]","og_url":"https:\/\/iapd.international\/en\/awareness-campaign-against-violence\/","og_site_name":"INTERNATIONAL ALLIANCE FOR PEACE AND DEVELOPMENT","article_publisher":"https:\/\/www.facebook.com\/InternationalA.P.D","article_published_time":"2019-04-29T11:23:29+00:00","article_modified_time":"2019-06-08T10:58:44+00:00","og_image":[{"width":300,"height":300,"url":"https:\/\/iapd.international\/wp-content\/uploads\/2019\/04\/No-Violence-Sign.jpg-392x586.jpg","type":"image\/jpeg"}],"author":"iapd","twitter_card":"summary_large_image","twitter_misc":{"Written by":"iapd","Est. reading time":"5 minutes"},"schema":{"@context":"https:\/\/schema.org","@graph":[{"@type":"Article","@id":"https:\/\/iapd.international\/awareness-campaign-against-violence\/#article","isPartOf":{"@id":"https:\/\/iapd.international\/awareness-campaign-against-violence\/"},"author":{"name":"iapd","@id":"https:\/\/iapd.international\/#\/schema\/person\/d4253a5b397eb464176c90b7cc0a24f4"},"headline":"Awareness Campaign Against Violence","datePublished":"2019-04-29T11:23:29+00:00","dateModified":"2019-06-08T10:58:44+00:00","mainEntityOfPage":{"@id":"https:\/\/iapd.international\/awareness-campaign-against-violence\/"},"wordCount":1108,"commentCount":0,"publisher":{"@id":"https:\/\/iapd.international\/#organization"},"articleSection":["Campaigns"],"inLanguage":"en-US"},{"@type":"WebPage","@id":"https:\/\/iapd.international\/awareness-campaign-against-violence\/","url":"https:\/\/iapd.international\/awareness-campaign-against-violence\/","name":"Awareness Campaign Against Violence - INTERNATIONAL ALLIANCE FOR PEACE AND DEVELOPMENT","isPartOf":{"@id":"https:\/\/iapd.international\/#website"},"datePublished":"2019-04-29T11:23:29+00:00","dateModified":"2019-06-08T10:58:44+00:00","breadcrumb":{"@id":"https:\/\/iapd.international\/awareness-campaign-against-violence\/#breadcrumb"},"inLanguage":"en-US","potentialAction":[{"@type":"ReadAction","target":["https:\/\/iapd.international\/awareness-campaign-against-violence\/"]}]},{"@type":"BreadcrumbList","@id":"https:\/\/iapd.international\/awareness-campaign-against-violence\/#breadcrumb","itemListElement":[{"@type":"ListItem","position":1,"name":"Home","item":"https:\/\/iapd.international\/en\/"},{"@type":"ListItem","position":2,"name":"Awareness Campaign Against Violence"}]},{"@type":"WebSite","@id":"https:\/\/iapd.international\/#website","url":"https:\/\/iapd.international\/","name":"INTERNATIONAL ALLIANCE FOR PEACE AND DEVELOPMENT","description":"IAPD","publisher":{"@id":"https:\/\/iapd.international\/#organization"},"potentialAction":[{"@type":"SearchAction","target":{"@type":"EntryPoint","urlTemplate":"https:\/\/iapd.international\/?s={search_term_string}"},"query-input":"required name=search_term_string"}],"inLanguage":"en-US"},{"@type":"Organization","@id":"https:\/\/iapd.international\/#organization","name":"INTERNATIONAL ALLIANCE FOR PEACE AND DEVELOPMENT","url":"https:\/\/iapd.international\/","logo":{"@type":"ImageObject","inLanguage":"en-US","@id":"https:\/\/iapd.international\/#\/schema\/logo\/image\/","url":"https:\/\/iapd.international\/wp-content\/uploads\/2024\/09\/150p.png","contentUrl":"https:\/\/iapd.international\/wp-content\/uploads\/2024\/09\/150p.png","width":150,"height":150,"caption":"INTERNATIONAL ALLIANCE FOR PEACE AND DEVELOPMENT"},"image":{"@id":"https:\/\/iapd.international\/#\/schema\/logo\/image\/"},"sameAs":["https:\/\/www.facebook.com\/InternationalA.P.D"]},{"@type":"Person","@id":"https:\/\/iapd.international\/#\/schema\/person\/d4253a5b397eb464176c90b7cc0a24f4","name":"iapd","image":{"@type":"ImageObject","inLanguage":"en-US","@id":"https:\/\/iapd.international\/#\/schema\/person\/image\/","url":"https:\/\/secure.gravatar.com\/avatar\/513de6fb9b0c2ee0ada081a3a9c852bef1fd8a9358bcc5bc47c0db923a311880?s=96&d=mm&r=g","contentUrl":"https:\/\/secure.gravatar.com\/avatar\/513de6fb9b0c2ee0ada081a3a9c852bef1fd8a9358bcc5bc47c0db923a311880?s=96&d=mm&r=g","caption":"iapd"},"url":"https:\/\/iapd.international\/en\/author\/iapd\/"}]}},"_links":{"self":[{"href":"https:\/\/iapd.international\/en\/wp-json\/wp\/v2\/posts\/378","targetHints":{"allow":["GET"]}}],"collection":[{"href":"https:\/\/iapd.international\/en\/wp-json\/wp\/v2\/posts"}],"about":[{"href":"https:\/\/iapd.international\/en\/wp-json\/wp\/v2\/types\/post"}],"author":[{"embeddable":true,"href":"https:\/\/iapd.international\/en\/wp-json\/wp\/v2\/users\/1"}],"replies":[{"embeddable":true,"href":"https:\/\/iapd.international\/en\/wp-json\/wp\/v2\/comments?post=378"}],"version-history":[{"count":0,"href":"https:\/\/iapd.international\/en\/wp-json\/wp\/v2\/posts\/378\/revisions"}],"wp:featuredmedia":[{"embeddable":true,"href":"https:\/\/iapd.international\/en\/wp-json\/wp\/v2\/media\/387"}],"wp:attachment":[{"href":"https:\/\/iapd.international\/en\/wp-json\/wp\/v2\/media?parent=378"}],"wp:term":[{"taxonomy":"category","embeddable":true,"href":"https:\/\/iapd.international\/en\/wp-json\/wp\/v2\/categories?post=378"},{"taxonomy":"post_tag","embeddable":true,"href":"https:\/\/iapd.international\/en\/wp-json\/wp\/v2\/tags?post=378"}],"curies":[{"name":"wp","href":"https:\/\/api.w.org\/{rel}","templated":true}]}}